{"id":8738,"date":"2023-06-01T18:27:29","date_gmt":"2023-06-01T16:27:29","guid":{"rendered":"https:\/\/zinegoak.com\/?p=8738"},"modified":"2024-06-02T10:38:32","modified_gmt":"2024-06-02T08:38:32","slug":"se-receta-silencio","status":"publish","type":"post","link":"https:\/\/zinegoak.com\/EU\/se-receta-silencio\/","title":{"rendered":"Se receta silencio"},"content":{"rendered":"<div class=\"wpb-content-wrapper\"><p>[vc_row][vc_column][vc_column_text]<\/p>\n<h1 class=\"p1\" style=\"text-align: center;\">Se receta silencio<\/h1>\n<p>[\/vc_column_text][\/vc_column][\/vc_row][vc_row][vc_column width=&#8221;1\/3&#8243; css=&#8221;.vc_custom_1685635735984{margin-right: 20px !important;}&#8221;][vc_column_text]<\/p>\n<p class=\"p3\"><strong><span class=\"s2\">Zuz:<\/span><\/strong><\/p>\n<p class=\"p1\">Miquel Miss\u00e9<\/p>\n<p class=\"p1\"><strong>Gui:<\/strong><\/p>\n<p class=\"p1\">Miquel Miss\u00e9, Laura Vila Kremer, Mer G\u00f3mez<\/p>\n<p class=\"p1\"><strong>Prod:<\/strong><\/p>\n<p class=\"p1\">Miquel Miss\u00e9, Ajuntament de Terrassa<\/p>\n<p>[\/vc_column_text][vc_column_text]<\/p>\n<p class=\"p1\"><i class=\"fa fa-envelope-o \" ><\/i>\u00a0ideintersex@gmail.com<\/p>\n<p>[\/vc_column_text][vc_column_text]V.O. cat<\/p>\n<p>Subt: cast[\/vc_column_text][\/vc_column][vc_column width=&#8221;2\/3&#8243;][vc_column_text]<\/p>\n<p class=\"p1\"><strong><span class=\"s1\">Catalu\u00f1a<\/span> \/\u00a0Doc-Fic \/ 2021 \/ 17 min<\/strong><\/p>\n<p class=\"p1\"><span class=\"s1\">Mientras crec\u00edan, a Cristina y a Lola les recetaron silencio. Obedecieron y callaron durante mucho tiempo, hasta hoy. Las protagonistas de este cortometraje de docuficci\u00f3n alzan la voz para acercarnos a sus relatos de vida intersex y compartir sus reflexiones sobre los cuerpos, las identidades, y el deseo. Una oportunidad liberadora no solo para ellas, sino para todas las personas.<\/span><\/p>\n<p>[\/vc_column_text][\/vc_column][\/vc_row][vc_row][vc_column][vc_single_image image=&#8221;8723&#8243; img_size=&#8221;full&#8221; alignment=&#8221;center&#8221;][\/vc_column][\/vc_row]<\/p>\n<\/div>","protected":false},"excerpt":{"rendered":"<p>[vc_row][vc_column][vc_column_text] Se receta silencio [\/vc_column_text][\/vc_column][\/vc_row][vc_row][vc_column width=&#8221;1\/3&#8243; css=&#8221;.vc_custom_1685635735984{margin-right: 20px !important;}&#8221;][vc_column_text] Zuz: Miquel Miss\u00e9 Gui: Miquel Miss\u00e9, Laura Vila Kremer, Mer G\u00f3mez Prod: Miquel Miss\u00e9, Ajuntament de Terrassa [\/vc_column_text][vc_column_text] \u00a0ideintersex@gmail.com [\/vc_column_text][vc_column_text]V.O. cat Subt: cast[\/vc_column_text][\/vc_column][vc_column width=&#8221;2\/3&#8243;][vc_column_text] Catalu\u00f1a \/\u00a0Doc-Fic \/ 2021 \/ 17 min Mientras crec\u00edan, a Cristina y a Lola les recetaron silencio. Obedecieron y callaron durante mucho [&hellip;]<\/p>\n","protected":false},"author":1,"featured_media":8723,"comment_status":"closed","ping_status":"closed","sticky":false,"template":"","format":"standard","meta":{"footnotes":""},"categories":[1],"tags":[],"class_list":["post-8738","post","type-post","status-publish","format-standard","has-post-thumbnail","hentry","category-sin-categoria"],"_links":{"self":[{"href":"https:\/\/zinegoak.com\/EU\/wp-json\/wp\/v2\/posts\/8738","targetHints":{"allow":["GET"]}}],"collection":[{"href":"https:\/\/zinegoak.com\/EU\/wp-json\/wp\/v2\/posts"}],"about":[{"href":"https:\/\/zinegoak.com\/EU\/wp-json\/wp\/v2\/types\/post"}],"author":[{"embeddable":true,"href":"https:\/\/zinegoak.com\/EU\/wp-json\/wp\/v2\/users\/1"}],"replies":[{"embeddable":true,"href":"https:\/\/zinegoak.com\/EU\/wp-json\/wp\/v2\/comments?post=8738"}],"version-history":[{"count":4,"href":"https:\/\/zinegoak.com\/EU\/wp-json\/wp\/v2\/posts\/8738\/revisions"}],"predecessor-version":[{"id":8767,"href":"https:\/\/zinegoak.com\/EU\/wp-json\/wp\/v2\/posts\/8738\/revisions\/8767"}],"wp:featuredmedia":[{"embeddable":true,"href":"https:\/\/zinegoak.com\/EU\/wp-json\/wp\/v2\/media\/8723"}],"wp:attachment":[{"href":"https:\/\/zinegoak.com\/EU\/wp-json\/wp\/v2\/media?parent=8738"}],"wp:term":[{"taxonomy":"category","embeddable":true,"href":"https:\/\/zinegoak.com\/EU\/wp-json\/wp\/v2\/categories?post=8738"},{"taxonomy":"post_tag","embeddable":true,"href":"https:\/\/zinegoak.com\/EU\/wp-json\/wp\/v2\/tags?post=8738"}],"curies":[{"name":"wp","href":"https:\/\/api.w.org\/{rel}","templated":true}]}}