{"id":8848,"date":"2023-06-05T11:47:22","date_gmt":"2023-06-05T09:47:22","guid":{"rendered":"https:\/\/zinegoak.com\/?p=8848"},"modified":"2023-06-05T18:37:57","modified_gmt":"2023-06-05T16:37:57","slug":"la-carta","status":"publish","type":"post","link":"https:\/\/zinegoak.com\/EU\/la-carta\/","title":{"rendered":"La carta"},"content":{"rendered":"<div class=\"wpb-content-wrapper\"><p>[vc_row][vc_column][vc_column_text]<\/p>\n<h1 class=\"p1\" style=\"text-align: center;\"><b>La carta<\/b><\/h1>\n<p>[\/vc_column_text][\/vc_column][\/vc_row][vc_row][vc_column width=&#8221;1\/3&#8243; css=&#8221;.vc_custom_1685629622671{margin-right: 20px !important;}&#8221;][vc_column_text]<\/p>\n<p class=\"p3\"><strong><span class=\"s2\">Zuz:<\/span><\/strong><\/p>\n<p class=\"p1\">\u00c1ngeles Cruz<\/p>\n<p class=\"p1\"><strong>Gid:<\/strong><\/p>\n<p class=\"p2\">\u00c1ngeles Cruz<\/p>\n<p><strong>Akt:\u00a0<\/strong><\/p>\n<p class=\"p1\"><span class=\"s1\">S<\/span>onia Couoh, Myriam Bravo, No\u00e9 Hern\u00e1ndez<\/p>\n<p class=\"p1\"><strong>Eko:<\/strong><\/p>\n<p class=\"p1\">\u00c9rika \u00c1vila Due\u00f1as<\/p>\n<p>[\/vc_column_text][vc_column_text]<\/p>\n<p class=\"p1\"><i class=\"fa fa-envelope-o \" ><\/i> oaxcruz@yahoo.com.mx<\/p>\n<p>[\/vc_column_text][vc_column_text]<\/p>\n<p class=\"p1\"><strong>J.B.<\/strong><b>\u00a0\u00a0<\/b>cast<\/p>\n<p class=\"p3\"><strong><span class=\"s3\">Azp\u00a0\u00a0<\/span><\/strong>eng, eus<\/p>\n<p>[\/vc_column_text][vc_column_text css=&#8221;.vc_custom_1685875974029{border-top-width: 1px !important;border-bottom-width: 1px !important;padding-top: 10px !important;border-top-color: #000000 !important;border-top-style: dotted !important;border-bottom-color: #000000 !important;border-bottom-style: dotted !important;}&#8221;]<i class=\"fa fa-ticket \" ><\/i> <strong>Ekainak\u00a0<span class=\"s1\">29<\/span><\/strong><b>\u00a0\/\u00a0<\/b><b>18:30<\/b><\/p>\n<p class=\"p2\"><b>BilbaoArte<\/b><\/p>\n<p>[\/vc_column_text][\/vc_column][vc_column width=&#8221;2\/3&#8243;][vc_column_text]<\/p>\n<p class=\"p1\"><strong><span class=\"s1\">Mexiko<\/span><span class=\"s1\"> \/\u00a0<\/span>Fic \/ 2018 \/ 17 min<\/strong><\/p>\n<p class=\"p1\"><span class=\"s1\">Urte askoan kanpoan egon ondoren, bere komunitatera itzuli da Lupe, emakume indigena bat. Rosal\u00edarekin elkartuko da berriro, haurtzaroko lagun minarekin, eta elkar agurtzean idatzi zion gutunak eztabaida ugari piztuko ditu haien artean.<\/span><\/p>\n<p>[\/vc_column_text][vc_column_text css=&#8221;.vc_custom_1685875957080{border-top-width: 1px !important;padding-top: 20px !important;border-top-color: #000000 !important;border-top-style: dotted !important;}&#8221;]<\/p>\n<p class=\"p1\"><em><span class=\"s1\">2016 Festival de Cine LGBT de Colonia, Premio del P\u00fablico 2015 Outfest LA. Festival de Cine LGBTQ+ de Los \u00c1ngeles, Premio del P\u00fablico; Festival Internacional de Cine de San Luis Potos\u00ed, Menci\u00f3n Especial 2014 CANACINE. Premios Luminus, Mejor Cortometraje; Kino-Ich. Festival de Cine de Tabasco, Mejor Cortometraje<\/span><\/em><\/p>\n<p>[\/vc_column_text][\/vc_column][\/vc_row][vc_row][vc_column][vc_single_image image=&#8221;8849&#8243; img_size=&#8221;full&#8221; alignment=&#8221;center&#8221;][\/vc_column][\/vc_row]<\/p>\n<\/div>","protected":false},"excerpt":{"rendered":"<p>[vc_row][vc_column][vc_column_text] La carta [\/vc_column_text][\/vc_column][\/vc_row][vc_row][vc_column width=&#8221;1\/3&#8243; css=&#8221;.vc_custom_1685629622671{margin-right: 20px !important;}&#8221;][vc_column_text] Zuz: \u00c1ngeles Cruz Gid: \u00c1ngeles Cruz Akt:\u00a0 Sonia Couoh, Myriam Bravo, No\u00e9 Hern\u00e1ndez Eko: \u00c9rika \u00c1vila Due\u00f1as [\/vc_column_text][vc_column_text] oaxcruz@yahoo.com.mx [\/vc_column_text][vc_column_text] J.B.\u00a0\u00a0cast Azp\u00a0\u00a0eng, eus [\/vc_column_text][vc_column_text css=&#8221;.vc_custom_1685875974029{border-top-width: 1px !important;border-bottom-width: 1px !important;padding-top: 10px !important;border-top-color: #000000 !important;border-top-style: dotted !important;border-bottom-color: #000000 !important;border-bottom-style: dotted !important;}&#8221;] Ekainak\u00a029\u00a0\/\u00a018:30 BilbaoArte [\/vc_column_text][\/vc_column][vc_column width=&#8221;2\/3&#8243;][vc_column_text] Mexiko \/\u00a0Fic \/ 2018 [&hellip;]<\/p>\n","protected":false},"author":1,"featured_media":8849,"comment_status":"closed","ping_status":"closed","sticky":false,"template":"","format":"standard","meta":{"footnotes":""},"categories":[258],"tags":[],"class_list":["post-8848","post","type-post","status-publish","format-standard","has-post-thumbnail","hentry","category-angeles-cruz"],"_links":{"self":[{"href":"https:\/\/zinegoak.com\/EU\/wp-json\/wp\/v2\/posts\/8848","targetHints":{"allow":["GET"]}}],"collection":[{"href":"https:\/\/zinegoak.com\/EU\/wp-json\/wp\/v2\/posts"}],"about":[{"href":"https:\/\/zinegoak.com\/EU\/wp-json\/wp\/v2\/types\/post"}],"author":[{"embeddable":true,"href":"https:\/\/zinegoak.com\/EU\/wp-json\/wp\/v2\/users\/1"}],"replies":[{"embeddable":true,"href":"https:\/\/zinegoak.com\/EU\/wp-json\/wp\/v2\/comments?post=8848"}],"version-history":[{"count":3,"href":"https:\/\/zinegoak.com\/EU\/wp-json\/wp\/v2\/posts\/8848\/revisions"}],"predecessor-version":[{"id":8855,"href":"https:\/\/zinegoak.com\/EU\/wp-json\/wp\/v2\/posts\/8848\/revisions\/8855"}],"wp:featuredmedia":[{"embeddable":true,"href":"https:\/\/zinegoak.com\/EU\/wp-json\/wp\/v2\/media\/8849"}],"wp:attachment":[{"href":"https:\/\/zinegoak.com\/EU\/wp-json\/wp\/v2\/media?parent=8848"}],"wp:term":[{"taxonomy":"category","embeddable":true,"href":"https:\/\/zinegoak.com\/EU\/wp-json\/wp\/v2\/categories?post=8848"},{"taxonomy":"post_tag","embeddable":true,"href":"https:\/\/zinegoak.com\/EU\/wp-json\/wp\/v2\/tags?post=8848"}],"curies":[{"name":"wp","href":"https:\/\/api.w.org\/{rel}","templated":true}]}}