{"id":10117,"date":"2024-06-24T13:58:21","date_gmt":"2024-06-24T11:58:21","guid":{"rendered":"https:\/\/zinegoak.com\/?p=10117"},"modified":"2024-06-24T14:00:45","modified_gmt":"2024-06-24T12:00:45","slug":"eus-clarisa-navas-zinegile-argentinarrak-jaso-du-zinegoak-2024-ohorezko-saria","status":"publish","type":"post","link":"https:\/\/zinegoak.com\/en\/eus-clarisa-navas-zinegile-argentinarrak-jaso-du-zinegoak-2024-ohorezko-saria\/","title":{"rendered":"Clarisa Navas zinegile argentinarrak jaso du  Zinegoak 2024 Ohorezko Saria"},"content":{"rendered":"<div class=\"wpb-content-wrapper\"><p>[vc_row][vc_column][vc_column_text]<\/p>\n<h1><b>La cineasta argentina Clarisa Navas recibir\u00e1 hoy el Premio Honor\u00edfico Zinegoak 2024<\/b><\/h1>\n<p>[\/vc_column_text][vc_single_image image=&#8221;10119&#8243; img_size=&#8221;full&#8221; alignment=&#8221;center&#8221;][vc_column_text]<\/p>\n<p><span style=\"font-weight: 400;\">El Festival Internacional de Cine y Artes Esc\u00e9nicas de Bilbao, Zinegoak, arrancar\u00e1 hoy de forma oficial, con la gala de inauguraci\u00f3n que se celebrar\u00e1 en el Teatro Arriaga. Con las entradas para el acto ya agotadas, la gala contar\u00e1 con la actuacci\u00f3n de la cantautora Eddi Circa, la proyecci\u00f3n de la pel\u00edcula On The Go y la directora argentina Clarisa Navas recibir\u00e1 el Premio Honor\u00edfico Zinegoak 2024. Navas ya se encuentra en Bilbao y ha participado en la rueda de prensa celebrada hoy en el propio Teatro Arriaga.<\/span><\/p>\n<p><span style=\"font-weight: 400;\">La cineasta, directora de los largometrajes &#8220;Hoy partido a las 3&#8221; o &#8220;Las mil y una&#8221; se ha mostrado agradecida y emocionada con el m\u00e1ximo galard\u00f3n de Zinegoak: &#8220;Creo que un reconocimiento funciona de alg\u00fan modo como hacer sentir que no se est\u00e1 tan sola y que del otro lado hay personas que valoran y apoyan a que cierto tipo de cine se pueda seguir haciendo. Me conmovi\u00f3 mucho cuando lleg\u00f3 la noticia, porque aqu\u00ed est\u00e1 todo demasiado dif\u00edcil y por momentos parece que nada tiene sentido. El futuro est\u00e1 muy desolado, pero si nos juntamos algo bueno puede ocurrir. Les agradezco de coraz\u00f3n, se siente como un abrazo largo&#8221;.<\/span><\/p>\n<p><span style=\"font-weight: 400;\">La directora de Zinegoak, Alaitz Arenzana, ha destacado el modo de hacer cine de Navas: &#8220;Se trata de una directora, guionista y productora que desarrolla un cine con mirada de clase y de g\u00e9nero, por pasi\u00f3n y convicci\u00f3n. Un cine que potencia los procesos de creaci\u00f3n colectiva como motor y palanca de transformaci\u00f3n&#8221;.<\/span><\/p>\n<p><span style=\"font-weight: 400;\">Navas ha alertado sobre la situaci\u00f3n que se est\u00e1 viviendo actualmente en Argentina: &#8220;Es dif\u00edcil explicar la sensaci\u00f3n, pero en estos meses desde que asumi\u00f3 la ultraderecha, las condiciones de vida se han desplomado para la gran mayor\u00eda, el plan de destrucci\u00f3n sistem\u00e1tica de todas las expresiones culturales, de los derechos de quienes vivimos ac\u00e1, pero tambi\u00e9n de la memoria de este pa\u00eds, es algo abrumador.\u00a0 La sensaci\u00f3n es de agotamiento porque todos los d\u00edas hay que librar alguna batalla. De ah\u00ed a pensar c\u00f3mo seguir haciendo cine, o cu\u00e1l es el lugar que puede tener una pel\u00edcula en este momento donde casi la mitad del pa\u00eds est\u00e1 pasando hambre, es dif\u00edcil de sostener. Aunque a esta cat\u00e1strofe social que estamos viviendo tambi\u00e9n hay que poder rodearla imaginando otra cosa. Creo que nosotrxs lxs queer tenemos un poco grabado eso a flor de piel, porque sabemos que sin la lucha y sin el deseo que este mundo sea diferente no hubiera aparecido ni siquiera el espacio para poder existir. Ahora ac\u00e1 se est\u00e1 volviendo a cerrar y eso angustia mucho, pero no vamos a dejar que suceda tan f\u00e1cil&#8221;.<\/span><\/p>\n<p><span style=\"font-weight: 400;\">La cineasta tambi\u00e9n ha comentado los proyectos en los que est\u00e1 trabajando en la actualidad: &#8220;Estamos intentando terminar \u201cEl pr\u00edncipe de Nanawa\u201d. una pel\u00edcula que llevamos haciendo hace casi 10 a\u00f1os, es un proceso que tambi\u00e9n surge de algo peque\u00f1o como querer estar cerca de un ni\u00f1o que conoc\u00ed de casualidad en la frontera de Paraguay con Argentina. Hubieron muchas cosas que me conmovieron de \u00e9l, escuchar todos los sue\u00f1os y deseos de alguien que estaba hace tan poco en el mundo pero que sab\u00eda muy bien que la cosa no estaba bien, que se atrev\u00eda a imaginar aunque todo estuviera perdido de antemano. De ese momento pas\u00f3 mucho tiempo, y las condiciones de vida ah\u00ed empeoraron much\u00edsimo, algunos sue\u00f1os se\u00a0han podido cumplir, la mayor\u00eda no, pero hay un amor que se sostiene y perdura en el tiempo&#8221;.<\/span><\/p>\n<p><span style=\"font-weight: 400;\">Despu\u00e9s de la inauguraci\u00f3n de hoy, Zinegoak ha preparado 50 actividades para esta semana relacionadas con la cultura y la diversidad sexual, en diferentes salas de Bilbo: Bilborock, Golem Alhondiga, BilbaoArte, Bira, centro cultural Muxikebarri en Getxo&#8230; As\u00ed mismo, contaremos con varias personas invitadas de procedencia internacional: la directora turca Vuslat Karan (Mavi Kimlik), el director Adri\u00e1n Silvestre (H\u00e1gase tu voluntad), desde Grecia vendr\u00e1 Kotsikos Filippos-Evangelos como artista drag (Avant-Drag!), Maria Gis\u00e8le Royo y Julia de Castro (On The Go), etc.<\/span><\/p>\n<p><span style=\"font-weight: 400;\">La gala de clausura se celebar\u00e1 el 1 de julio en Bilborock y en la misma se otorgar\u00e1 el palmar\u00e9s de la presente edici\u00f3n.<\/span><\/p>\n<p>[\/vc_column_text][\/vc_column][\/vc_row]<\/p>\n<\/div>","protected":false},"excerpt":{"rendered":"<p>[vc_row][vc_column][vc_column_text] La cineasta argentina Clarisa Navas recibir\u00e1 hoy el Premio Honor\u00edfico Zinegoak 2024 [\/vc_column_text][vc_single_image image=&#8221;10119&#8243; img_size=&#8221;full&#8221; alignment=&#8221;center&#8221;][vc_column_text] El Festival Internacional de Cine y Artes Esc\u00e9nicas de Bilbao, Zinegoak, arrancar\u00e1 hoy de forma oficial, con la gala de inauguraci\u00f3n que se celebrar\u00e1 en el Teatro Arriaga. Con las entradas para el acto ya agotadas, la gala [&hellip;]<\/p>\n","protected":false},"author":1,"featured_media":10119,"comment_status":"closed","ping_status":"closed","sticky":false,"template":"","format":"standard","meta":{"footnotes":""},"categories":[3],"tags":[],"class_list":["post-10117","post","type-post","status-publish","format-standard","has-post-thumbnail","hentry","category-albisteak"],"_links":{"self":[{"href":"https:\/\/zinegoak.com\/en\/wp-json\/wp\/v2\/posts\/10117","targetHints":{"allow":["GET"]}}],"collection":[{"href":"https:\/\/zinegoak.com\/en\/wp-json\/wp\/v2\/posts"}],"about":[{"href":"https:\/\/zinegoak.com\/en\/wp-json\/wp\/v2\/types\/post"}],"author":[{"embeddable":true,"href":"https:\/\/zinegoak.com\/en\/wp-json\/wp\/v2\/users\/1"}],"replies":[{"embeddable":true,"href":"https:\/\/zinegoak.com\/en\/wp-json\/wp\/v2\/comments?post=10117"}],"version-history":[{"count":2,"href":"https:\/\/zinegoak.com\/en\/wp-json\/wp\/v2\/posts\/10117\/revisions"}],"predecessor-version":[{"id":10121,"href":"https:\/\/zinegoak.com\/en\/wp-json\/wp\/v2\/posts\/10117\/revisions\/10121"}],"wp:featuredmedia":[{"embeddable":true,"href":"https:\/\/zinegoak.com\/en\/wp-json\/wp\/v2\/media\/10119"}],"wp:attachment":[{"href":"https:\/\/zinegoak.com\/en\/wp-json\/wp\/v2\/media?parent=10117"}],"wp:term":[{"taxonomy":"category","embeddable":true,"href":"https:\/\/zinegoak.com\/en\/wp-json\/wp\/v2\/categories?post=10117"},{"taxonomy":"post_tag","embeddable":true,"href":"https:\/\/zinegoak.com\/en\/wp-json\/wp\/v2\/tags?post=10117"}],"curies":[{"name":"wp","href":"https:\/\/api.w.org\/{rel}","templated":true}]}}