{"id":10150,"date":"2024-07-01T13:33:41","date_gmt":"2024-07-01T11:33:41","guid":{"rendered":"https:\/\/zinegoak.com\/?p=10150"},"modified":"2024-07-02T09:56:59","modified_gmt":"2024-07-02T07:56:59","slug":"la-memoria-lesbica-y-la-resistencia-a-la-ultraderecha-protagonistas-del-palmares-de-zinegoak-2024","status":"publish","type":"post","link":"https:\/\/zinegoak.com\/en\/la-memoria-lesbica-y-la-resistencia-a-la-ultraderecha-protagonistas-del-palmares-de-zinegoak-2024\/","title":{"rendered":"La memoria l\u00e9sbica y la resistencia a la ultraderecha,  protagonistas del palmar\u00e9s de Zinegoak 2024"},"content":{"rendered":"<div class=\"wpb-content-wrapper\"><p>[vc_row][vc_column][vc_column_text]<\/p>\n<h1>La memoria l\u00e9sbica y la resistencia a la ultraderecha, protagonistas del palmar\u00e9s de Zinegoak 2024<\/h1>\n<p>[\/vc_column_text][vc_column_text]<span style=\"font-weight: 400;\">El festival de cine y artes esc\u00e9nicas LGTBIQ+ de Bilbao, Zinegoak, ha otorgado hoy su palmar\u00e9s de la edici\u00f3n 2024. La memoria l\u00e9sbica y resistencia a la ultraderecha han protagonizado los premios principales del festival. El Gran Premio Zinegoak, patrocinado por EITB y con un valor de 4000 euros, ha recaido en el documental <\/span><i><span style=\"font-weight: 400;\">Lesvia<\/span><\/i><span style=\"font-weight: 400;\">, de Tzeli Hadjidimitriou. El jurado ha querido poner en valor &#8220;este necesario documental que da espacio a la convivencia y voz a la gente corriente, para no olvidar los a\u00f1os de invisibilidad y ostracismo que el lesbianismo ha vivido y ante el auge de medidas lesbof\u00f3bicas en pa\u00edses donde impera la ultraderecha&#8221;.\u00a0<\/span><\/p>\n<p><i><span style=\"font-weight: 400;\">Lesvia <\/span><\/i><span style=\"font-weight: 400;\">ha sido la cinta ganadora de la categor\u00eda DOK, en la que el jurado tambi\u00e9n ha otorgado una menci\u00f3n especial a <\/span><i><span style=\"font-weight: 400;\">Transfariana<\/span><\/i><span style=\"font-weight: 400;\"> de Joris Lachaise, &#8220;una pel\u00edcula de imprescindible visionado hoy en d\u00eda que muestra con maestr\u00eda y una factura excelente, la uni\u00f3n de luchas como la tradicional y militarizada lucha marxista de las FARC con la lucha transfeminista, unidas para transformar el sistema&#8221;.<\/span><\/p>\n<p><span style=\"font-weight: 400;\">Respecto a FIK, la pel\u00edcula ganadora ha sido para <\/span><i><span style=\"font-weight: 400;\">Crossing <\/span><\/i><span style=\"font-weight: 400;\">de Levan Akin, &#8220;<\/span><span style=\"font-weight: 400;\">p<\/span><span style=\"font-weight: 400;\">or su magn\u00edfico retrato inmersivo de la bulliciosa Estambul, como una marea humana donde todos los personajes parecen buscarse unos a otros, pero sobre todo se buscan a s\u00ed mismos.\u00a0 Por su mirada cinematogr\u00e1fica hacia una rara empat\u00eda hacia los atormentados viajes de vida que podr\u00edan ser los nuestros&#8221;.<\/span><\/p>\n<p><span style=\"font-weight: 400;\">Y en la secci\u00f3n KRAK, relacionado con las nuevas narrativas, el premio ha reca\u00eddo en <\/span><i><span style=\"font-weight: 400;\">The Hearing <\/span><\/i><span style=\"font-weight: 400;\">de Lisa Gerig, &#8220;<\/span><span style=\"font-weight: 400;\">p<\/span><span style=\"font-weight: 400;\">or ser una narraci\u00f3n perfectamente orquestada para confrontar la inmigraci\u00f3n entre Suiza\/Europa y las personas refugiadas. Refleja un drama social que viven miles de personas, cuir y no cuir, en nuestro entorno europeo&#8221;.<\/span><\/p>\n<p><span style=\"font-weight: 400;\">Adem\u00e1s de <\/span><i><span style=\"font-weight: 400;\">Lesvia<\/span><\/i><span style=\"font-weight: 400;\">, la otra obra que ha recibido m\u00e1s premios en el palmar\u00e9s ha sido <\/span><i><span style=\"font-weight: 400;\">Levante<\/span><\/i><span style=\"font-weight: 400;\"> de Lillah Halla, &#8220;por la representaci\u00f3n de la diversidad de g\u00e9nero y por poner en el centro la red de cuidados como respuesta a la p\u00e9rdida de derechos y como modo de resistencia al avance del fascismo&#8221;. Ha recibido tanto los premios de Diversidad y Derechos Humanos (por un valor de 3000 euros, financiado por la Direcci\u00f3n General de Cooperaci\u00f3n y Diversidad de la Diputaci\u00f3n Foral de Bizkaia) y el de Lesbianismo y G\u00e9nero (por un valor de 1500 euros, patrocinado por el \u00c1rea de Igualdad del Ayuntamiento de Bilbao). El jurado de Diversidad y Derechos Humanos tambi\u00e9n ha concedido una menci\u00f3n especial a <\/span><i><span style=\"font-weight: 400;\">Flores del otro patio <\/span><\/i><span style=\"font-weight: 400;\">de Jorge Cadena, &#8220;por mostrarnos con un potente lenguaje visual que las disidencias sexuales y de g\u00e9nero trascienden la lucha LGTBI imbric\u00e1ndola con la defensa del territorio y los derechos de los pueblos originarios&#8221;.<\/span><\/p>\n<p><span style=\"font-weight: 400;\">El premio del p\u00fablico, valorado en 1000 euros, otorgado por las personas que han acudido durante la \u00faltima semana a las salas del festival, ha sido para el cortometraje <\/span><i><span style=\"font-weight: 400;\">Au bord de nos nuits blanches<\/span><\/i><span style=\"font-weight: 400;\"> de Elsa Aloisio, una historia de sororidad y resistencia entre trabajadoras sexuales y mujeres trans.<\/span><\/p>\n<p><span style=\"font-weight: 400;\">El premio del jurado senior ha sido para <\/span><i><span style=\"font-weight: 400;\">L&#8217;esquisse <\/span><\/i><span style=\"font-weight: 400;\">de Tomas Cali &#8220;por el planteamiento que hace del arte como medio de comunicaci\u00f3n universal&#8221;, y una menci\u00f3n especial para <\/span><i><span style=\"font-weight: 400;\">Dena asmatuta dago<\/span><\/i><span style=\"font-weight: 400;\"> de Jone Arriola, &#8220;porque vemos a dos j\u00f3venes que a lo largo de una extensa conversaci\u00f3n, buscan encontrar la palabra perfecta para definir su camino en com\u00fan&#8221;.<\/span><\/p>\n<p><span style=\"font-weight: 400;\">El jurado joven, por su parte, ha premiado al cortometraje <\/span><i><span style=\"font-weight: 400;\">Dang wo wang xiang ni de shi hou<\/span><\/i><span style=\"font-weight: 400;\"> de Shuli Huang, &#8220;por la<\/span> <span style=\"font-weight: 400;\">manera en la que crea una narrativa mezclando im\u00e1genes y frases que por separado podr\u00edan considerarse obras de arte&#8221;. Tambi\u00e9n han concedido una menci\u00f3n especial a <\/span><i><span style=\"font-weight: 400;\">Ciao Bambina<\/span><\/i><span style=\"font-weight: 400;\"> de Afioco Gnecco y Carolina Yuste, &#8220;consideramos que es una historia realista y cercana, que expone una realidad por la que pasan muchas personas, y la tratan con mucha delicadeza y naturalidad&#8221;.<\/span><\/p>\n<p><span style=\"font-weight: 400;\">El jurado de Euskal Aktoreen Batasuna ha concedido el premio a Mejor Interpretaci\u00f3n Protagonista en Largometraje de Ficci\u00f3n a Mzia Arabuli, de <\/span><i><span style=\"font-weight: 400;\">Crossing<\/span><\/i><span style=\"font-weight: 400;\">, &#8220;por su gran capacidad de hacer viajar al p\u00fablico por todas sus emociones a trav\u00e9s del poder de su mirada&#8221;. Y el de Mejor Interpretaci\u00f3n de Reparto para Ludwika Paleta de <\/span><i><span style=\"font-weight: 400;\">Todo el silencio<\/span><\/i><span style=\"font-weight: 400;\">, &#8220;por su capacidad de interpretar a una persona con diversidad auditiva con gran veracidad&#8221;.<\/span><\/p>\n<p><span style=\"font-weight: 400;\">El premio ZG PRO Laborategia ha sido para el proyecto <\/span><i><span style=\"font-weight: 400;\">Los Siento <\/span><\/i><span style=\"font-weight: 400;\">de Bella Cintra y Laurent L\u00f3pez de Gardey valorado en 1000 euros, por &#8220;la originalidad y la frescura de la idea&#8221;. El Premio Music Library ZG PRO ha sido para <\/span><i><span style=\"font-weight: 400;\">Las ni\u00f1as de Canchas<\/span><\/i><span style=\"font-weight: 400;\"> de Raul Villalba por &#8220;el tratamiento de la m\u00fasica urbana en el largometraje&#8221;. Y el premio SSIFF ZG PRO ha sido para <\/span><i><span style=\"font-weight: 400;\">High<\/span><\/i><span style=\"font-weight: 400;\"> de Daniel Alegrete.<\/span>[\/vc_column_text][vc_images_carousel images=&#8221;10142,10134,10133,10135,10139,10132,10149,10141,10140,10130,10143,10138,10137,10136,10145,10144,10146,10147,10148&#8243; img_size=&#8221;full&#8221;][\/vc_column][\/vc_row]<\/p>\n<\/div>","protected":false},"excerpt":{"rendered":"<p>[vc_row][vc_column][vc_column_text] La memoria l\u00e9sbica y la resistencia a la ultraderecha, protagonistas del palmar\u00e9s de Zinegoak 2024 [\/vc_column_text][vc_column_text]El festival de cine y artes esc\u00e9nicas LGTBIQ+ de Bilbao, Zinegoak, ha otorgado hoy su palmar\u00e9s de la edici\u00f3n 2024. La memoria l\u00e9sbica y resistencia a la ultraderecha han protagonizado los premios principales del festival. El Gran Premio Zinegoak, [&hellip;]<\/p>\n","protected":false},"author":1,"featured_media":9624,"comment_status":"closed","ping_status":"closed","sticky":false,"template":"","format":"standard","meta":{"footnotes":""},"categories":[3],"tags":[],"class_list":["post-10150","post","type-post","status-publish","format-standard","has-post-thumbnail","hentry","category-albisteak"],"_links":{"self":[{"href":"https:\/\/zinegoak.com\/en\/wp-json\/wp\/v2\/posts\/10150","targetHints":{"allow":["GET"]}}],"collection":[{"href":"https:\/\/zinegoak.com\/en\/wp-json\/wp\/v2\/posts"}],"about":[{"href":"https:\/\/zinegoak.com\/en\/wp-json\/wp\/v2\/types\/post"}],"author":[{"embeddable":true,"href":"https:\/\/zinegoak.com\/en\/wp-json\/wp\/v2\/users\/1"}],"replies":[{"embeddable":true,"href":"https:\/\/zinegoak.com\/en\/wp-json\/wp\/v2\/comments?post=10150"}],"version-history":[{"count":14,"href":"https:\/\/zinegoak.com\/en\/wp-json\/wp\/v2\/posts\/10150\/revisions"}],"predecessor-version":[{"id":10165,"href":"https:\/\/zinegoak.com\/en\/wp-json\/wp\/v2\/posts\/10150\/revisions\/10165"}],"wp:featuredmedia":[{"embeddable":true,"href":"https:\/\/zinegoak.com\/en\/wp-json\/wp\/v2\/media\/9624"}],"wp:attachment":[{"href":"https:\/\/zinegoak.com\/en\/wp-json\/wp\/v2\/media?parent=10150"}],"wp:term":[{"taxonomy":"category","embeddable":true,"href":"https:\/\/zinegoak.com\/en\/wp-json\/wp\/v2\/categories?post=10150"},{"taxonomy":"post_tag","embeddable":true,"href":"https:\/\/zinegoak.com\/en\/wp-json\/wp\/v2\/tags?post=10150"}],"curies":[{"name":"wp","href":"https:\/\/api.w.org\/{rel}","templated":true}]}}