{"id":10951,"date":"2025-06-10T12:59:47","date_gmt":"2025-06-10T10:59:47","guid":{"rendered":"https:\/\/zinegoak.com\/?p=10951"},"modified":"2025-06-10T12:59:47","modified_gmt":"2025-06-10T10:59:47","slug":"zinegoak-programa-mas-de-50-actividades-para-reivindicar-las-redes-de-resistencia-y-afectos","status":"publish","type":"post","link":"https:\/\/zinegoak.com\/en\/zinegoak-programa-mas-de-50-actividades-para-reivindicar-las-redes-de-resistencia-y-afectos\/","title":{"rendered":"Zinegoak programa m\u00e1s de 50 actividades para reivindicar las redes de resistencia y afectos"},"content":{"rendered":"<div class=\"wpb-content-wrapper\"><p>[vc_row][vc_column][vc_column_text css=&#8221;&#8221;]<\/p>\n<h1>Zinegoak programa m\u00e1s de 50 actividades para reivindicar las redes de resistencia y afectos<\/h1>\n<p>[\/vc_column_text][vc_column_text css=&#8221;&#8221;]<\/p>\n<p>Zinegoak ha presentado hoy la programaci\u00f3n oficial y las principales novedades de la 22 edici\u00f3n. El festival de cine y artes esc\u00e9nicas LGTBIQ+ de Bilbao se celebrar\u00e1 del 23 al 30 de junio y un a\u00f1o m\u00e1s, llenar\u00e1 Bilbao con m\u00e1s de 50 actividades relacionadas con la cultura y la diversidad sexual. El programa incluye proyecciones, artes esc\u00e9nicas, encuentros, jornadas profesionales, fiestas&#8230; en las habituales sedes del festival, como son Bilborock, Golem Alhondiga, BilbaoArte, Bira, Sarean, el Teatro Arriaga, La Sinsorga o el Museo Guggenheim. Por lo tanto, Bilbao vivir\u00e1 diez d\u00edas repletos de reivindicaci\u00f3n, diversidad, cultura y cine.<\/p>\n<p>En la rueda de prensa de presentaci\u00f3n celebrada hoy en Azkuna Zentroa, la directora de Zinegoak Alaitz Arenzana ha explicado <strong>las principales novedades<\/strong> de la 22 edici\u00f3n: &#8220;Este a\u00f1o nos hemos centrado en las redes de resistencia y afectos que creamos desde las disidencias, para poder\u00a0repensar modelos que vayan m\u00e1s all\u00e1 de las estructuras tradicionales. Buscamos abrir la mirada a estructuras que sostienen espacios de resistencia, de afectos y de reconocimiento de la diversidad. Espacios donde coexisten distintas realidades, que desaf\u00edan los diferentes sistemas de opresi\u00f3n&#8221;. El cartel de este a\u00f1o, realizado por Natalia Lisinicchia es fiel reflejo de ello.<\/p>\n<p>En la secci\u00f3n oficial de largometrajes competir\u00e1n 15 pel\u00edculas en las tres secciones habituales del festival: <strong>FIK, DOK y KRAK<\/strong> (nuevas narrativas), provenientes de pa\u00edses como Brasil, India, Argentina, Colombia, Estados Unidos, Noruega, Croacia, Pa\u00edses Bajos, entre otros. Arenzana destaca algunas de ellas: &#8220;La pel\u00edcula <em>Truth or Dare <\/em>nos mostrar\u00e1 una reflexi\u00f3n sobre\u00a0encuentros sexuales consentidos, conscientes y de manera grupal; las dificultades en los procesos de maternidad como nos muestra la cinta <em>Der Wunsch (Love Alone Can\u2019t Make A Child); <\/em>el documental colombiano <em>Brigitte Planeta B <\/em>nos invitar\u00e1 a reflexionar sobre la diversidad cultural del planeta desde otras l\u00f3gicas, etc&#8221;. Varios cineastas y protagonistas de estas pel\u00edculas nos acompa\u00f1ar\u00e1n en el festival para presentar in situ sus trabajos.<\/p>\n<p>En esta edici\u00f3n las <strong>infancias trans<\/strong> van a estar especialmente presentes, no solo a trav\u00e9s de la secci\u00f3n oficial, con la pel\u00edcula <em>Avenida Beira-Mar<\/em>, sino tambi\u00e9n con la celebraci\u00f3n de la gala ZiNaizen el s\u00e1bado 21 de junio.<\/p>\n<p>Respecto a los <strong>30 cortometrajes<\/strong> que competir\u00e1n en secci\u00f3n oficial, adem\u00e1s de los ciclos habituales de &#8220;Infancia y Adolescencia&#8221; y &#8220;Mujeres Directoras&#8221;, esta edici\u00f3n Zinegoak contar\u00e1 con tres nuevos ciclos: &#8220;Redes de afectos&#8221; y &#8220;Espacios de resistencia&#8221;, donde se nos invita a reflexionar sobre la importancia de mantener una lucha pol\u00edtica activa frente al aumento de los discursos de odio; y \u201cEvocando futuros\u201d donde miraremos al pasado para construir un futuro m\u00e1s consciente.<\/p>\n<p>El festival comenzar\u00e1 de forma oficial el 23 junio, con la <strong>gala de inauguraci\u00f3n<\/strong> que se celebrar\u00e1 en el Teatro Arriaga (las invitaciones se pueden obtener en la web del teatro). El evento estar\u00e1 presentado por Nerea Arriola y Divina Comedia, contar\u00e1 con la actuaci\u00f3n de Esanezin y la directora taiwanesa Zero Chou recibir\u00e1 el Premio Honor\u00edfico Zinegoak 2025, patrocinado por DAMA. Adem\u00e1s, contaremos con una retrospectiva sobre su obra gracias a la colaboraci\u00f3n del Ministerio de Cultura de Taiw\u00e1n.<\/p>\n<p>Tras la ceremonia tendremos el estreno en Euskadi de la pel\u00edcula <em>&#8220;Jone, batzuetan&#8221;, <\/em>\u00f3pera prima de la directora Sara Fantova que compite dentro de la secci\u00f3n oficial FIK. Un a\u00f1o m\u00e1s, Zinegoak volver\u00e1 a contar con varias producciones vascas en el festival. Adem\u00e1s de la obra de Fantova, seis cortometrajes vascos participar\u00e1n en Zinegoak: <em>\u00bfD\u00f3nde est\u00e1s?<\/em> (Marina Moreno Novoa),<em> Judoka<\/em> (Ander Iriarte), <em>Maitemina<\/em> (Erik Rodr\u00edguez Fern\u00e1ndez),<em> Inkognita<\/em> (Julen Gorosabel), <em>Azkena<\/em> (Ane In\u00e9s Landeta, Lorea Lyons) y <em>La ra\u00edz<\/em> (Isabel S\u00e1ez P\u00e9rez).<\/p>\n<p>Antes del comienzo del festival de forma oficial, durante el fin de semana del 18 al 22 de junio, el festival celebrar\u00e1 las actividades del <strong>&#8220;3, 2, 1&#8230; Zinegoak!&#8221;<\/strong>, con varias actividades en varias salas de Bilbao. Arrancar\u00e1 el 18 en Sarean con la proyecci\u00f3n de <em>Buddies<\/em> (1985, Arthur J. Bressan Jr), que fue el primer largometraje de ficci\u00f3n sobre la epidemia de VIH-SIDA. El jueves 19 de junio en el Guggenheim podremos disfrutar de <em>Onda Nova<\/em> (1983, \u00cdcaro -Francisco C.- Martins, Jos\u00e9 Antonio Garcia), que cuenta la historia de un equipo de f\u00fatbol femenino en Brasil durante la dictadura. La tarde del d\u00eda 20 contar\u00e1 con una sesi\u00f3n doble: el pre-estreno de la serie <em>Smoggie Queens<\/em> doblada al euskera, de la mano de la plataforma Primeran; y el concierto del grupo Gauak en Sarean. El s\u00e1bado 21 estar\u00e1 repleto de actividades desde la ma\u00f1ana hasta la noche: a las 12:30 La Sinsorga acoger\u00e1 un coloquio sobre la lesbofobia en Guinea Ecuatorial; a la tarde se celebrar\u00e1 la gala ZiNaizen, el estreno de la \u00faltima obra de Dantzerti &#8220;Kaltetuen Elkartea&#8221; y en Bira la jornada &#8220;<strong>RRR! Rebeld\u00edas, relatos y ritmos&#8221;, <\/strong>con presentaciones, performances y djs. Por \u00fatimo, el domingo 22 podremos conocer la obra de la premio honor\u00edfico Zero Chou, en un conversatorio con Irantzu Varela en Bilborock.<\/p>\n<p>Adem\u00e1s de proyecciones, Zinegoak tambi\u00e9n acoger\u00e1 varias actividades complementarias durante la \u00faltima semana de junio, como son las <strong>artes esc\u00e9nicas. <\/strong>Bajo la organizaci\u00f3n de Getxo Kultura, el 26 de junio el centro cultural Muxikebarri de Getxo acoger\u00e1 la obra de teatro &#8220;Hermafroditas a caballo o la rebeli\u00f3n del deseo&#8221;, dirigida por Raquel Loscos y V\u00edctor Ram\u00edrez. Esta pieza es un grito esc\u00e9nico que mezcla teatro documental y freak show para visibilizar la intersexualidad.<\/p>\n<p>Adem\u00e1s, Zinegoak tambi\u00e9n ha organizado <strong>varias proyecciones especiales y presentaciones<\/strong>, como la proyecci\u00f3n &#8220;Ser es una revuelta&#8221;, programa de pel\u00edculas rescatadas y restauradas de cine queer que muestra la solidaridad, los afectos y la b\u00fasqueda de la libertad en los 70; o la presentaci\u00f3n relacionada con Apoyo Positivo, entidad que cumple diez a\u00f1os de cine queer desde el activismo.<\/p>\n<p>Otro espacio que cada vez cobra m\u00e1s fuerza son las jornadas profesionales ZG PRO, relacionadas con la industria del cine y la diversidad. Durante el 27 y 28 de junio se celebrar\u00e1n varias masterclasses, presentaci\u00f3n de proyectos en desarrollo, etc, con la participaci\u00f3n de David Velduque, Gabriela Wiener, Tatiana Romero, Emilio Papamija, etc.<\/p>\n<p>La <strong>gala de clausura<\/strong> del festival se celebrar\u00e1 el lunes 30 de junio en Bilborock, y en la misma se dar\u00e1 a conocer el palmar\u00e9s de la 22 edici\u00f3n, incluyendo el Gran Premio Zinegoak patrocinado por EITB. Adem\u00e1s de forma presencial, el festival continuar\u00e1 en su <strong>ventana digital<\/strong> en la plataforma <strong>Primeran <\/strong>de EITB, en un canal con algunas de las pel\u00edculas que han participado en el festival, as\u00ed como otros contenidos audiovisuales relacionados con la diversidad sexual.<\/p>\n<p>Adem\u00e1s de en Bilbao, un a\u00f1o m\u00e1s Zinegoak se est\u00e1 celebrando en varias localidades de Araba, Bizkaia, Gipuzkoa y Nafarroa. Concretamente, han sido 50 los municipios que forman este a\u00f1o parte del programa <strong>ZG Hedapena.<\/strong><\/p>\n<p>La programaci\u00f3n completa de Zinegoak se puede consultar en www.zinegoak.com.<\/p>\n<p>[\/vc_column_text][vc_single_image image=&#8221;10952&#8243; img_size=&#8221;full&#8221; alignment=&#8221;center&#8221; css=&#8221;&#8221;][\/vc_column][\/vc_row]<\/p>\n<\/div>","protected":false},"excerpt":{"rendered":"<p>[vc_row][vc_column][vc_column_text css=&#8221;&#8221;] Zinegoak programa m\u00e1s de 50 actividades para reivindicar las redes de resistencia y afectos [\/vc_column_text][vc_column_text css=&#8221;&#8221;] Zinegoak ha presentado hoy la programaci\u00f3n oficial y las principales novedades de la 22 edici\u00f3n. El festival de cine y artes esc\u00e9nicas LGTBIQ+ de Bilbao se celebrar\u00e1 del 23 al 30 de junio y un a\u00f1o m\u00e1s, [&hellip;]<\/p>\n","protected":false},"author":1,"featured_media":10952,"comment_status":"closed","ping_status":"closed","sticky":false,"template":"","format":"standard","meta":{"footnotes":""},"categories":[3,5],"tags":[],"class_list":["post-10951","post","type-post","status-publish","format-standard","has-post-thumbnail","hentry","category-albisteak","category-noticias"],"_links":{"self":[{"href":"https:\/\/zinegoak.com\/en\/wp-json\/wp\/v2\/posts\/10951","targetHints":{"allow":["GET"]}}],"collection":[{"href":"https:\/\/zinegoak.com\/en\/wp-json\/wp\/v2\/posts"}],"about":[{"href":"https:\/\/zinegoak.com\/en\/wp-json\/wp\/v2\/types\/post"}],"author":[{"embeddable":true,"href":"https:\/\/zinegoak.com\/en\/wp-json\/wp\/v2\/users\/1"}],"replies":[{"embeddable":true,"href":"https:\/\/zinegoak.com\/en\/wp-json\/wp\/v2\/comments?post=10951"}],"version-history":[{"count":1,"href":"https:\/\/zinegoak.com\/en\/wp-json\/wp\/v2\/posts\/10951\/revisions"}],"predecessor-version":[{"id":10953,"href":"https:\/\/zinegoak.com\/en\/wp-json\/wp\/v2\/posts\/10951\/revisions\/10953"}],"wp:featuredmedia":[{"embeddable":true,"href":"https:\/\/zinegoak.com\/en\/wp-json\/wp\/v2\/media\/10952"}],"wp:attachment":[{"href":"https:\/\/zinegoak.com\/en\/wp-json\/wp\/v2\/media?parent=10951"}],"wp:term":[{"taxonomy":"category","embeddable":true,"href":"https:\/\/zinegoak.com\/en\/wp-json\/wp\/v2\/categories?post=10951"},{"taxonomy":"post_tag","embeddable":true,"href":"https:\/\/zinegoak.com\/en\/wp-json\/wp\/v2\/tags?post=10951"}],"curies":[{"name":"wp","href":"https:\/\/api.w.org\/{rel}","templated":true}]}}