{"id":11057,"date":"2026-03-31T17:27:34","date_gmt":"2026-03-31T15:27:34","guid":{"rendered":"https:\/\/zinegoak.com\/?p=11057"},"modified":"2026-03-31T19:15:55","modified_gmt":"2026-03-31T17:15:55","slug":"la-asociacion-zinegoak-convoca-una-plaza-de-responsable-de-comunicacion-del-festival-zinegoak","status":"publish","type":"post","link":"https:\/\/zinegoak.com\/en\/la-asociacion-zinegoak-convoca-una-plaza-de-responsable-de-comunicacion-del-festival-zinegoak\/","title":{"rendered":"La asociaci\u00f3n Zinegoak convoca una plaza de responsable de comunicaci\u00f3n del festival Zinegoak"},"content":{"rendered":"<p><\/p>\n<h1><span style=\"font-weight: 400;\">La asociaci\u00f3n Zinegoak convoca una plaza de responsable de comunicaci\u00f3n del festival Zinegoak<\/span><\/h1>\n<p><span style=\"font-weight: 400;\">El festival Zinegoak abre convocatoria para la contrataci\u00f3n temporal de una persona responsable de comunicaci\u00f3n durante los meses de mayo y junio.<\/span><\/p>\n<p>&nbsp;<\/p>\n<p><b>DESCRIPCI\u00d3N DEL FESTIVAL<\/b><\/p>\n<p><span style=\"font-weight: 400;\">Zinegoak es el principal festival de cine y artes esc\u00e9nicas LGTBIQ+ de Euskadi y uno de los referentes en el Estado. Nacido en 2004, promueve el encuentro entre la comunidad LGTBIQ+ y la sociedad a trav\u00e9s de cine queer nacional e internacional, combinando obras premiadas con propuestas reivindicativas que visibilizan la diversidad sexual y de g\u00e9nero. Est\u00e1 organizado por la asociaci\u00f3n Zinegoak, que trabaja desde los transfeminismos y opera desde el barrio de San Francisco de Bilbao.<\/span><\/p>\n<p>&nbsp;<\/p>\n<p><b>OBJETIVO DEL PUESTO<\/b><\/p>\n<p><span style=\"font-weight: 400;\">La persona Responsable de Comunicaci\u00f3n de Zinegoak tendr\u00e1 como objetivo principal <\/span><b>dise\u00f1ar, coordinar y ejecutar la estrategia de comunicaci\u00f3n del festival<\/b><span style=\"font-weight: 400;\">, asegurando la m\u00e1xima visibilidad de sus actividades, invitades y contenidos, as\u00ed como la correcta menci\u00f3n de patrocinadores y colaboradoras.\u00a0<\/span><\/p>\n<p><span style=\"font-weight: 400;\">El puesto busca <\/span><b>potenciar el alcance del festival<\/b><span style=\"font-weight: 400;\">, fomentar la difusi\u00f3n de cine queer, promover la diversidad sexual y de g\u00e9nero, y fortalecer la relaci\u00f3n con medios de comunicaci\u00f3n, redes sociales y la comunidad cultural.<\/span><\/p>\n<p>&nbsp;<\/p>\n<p><b>FUNCIONES PRINCIPALES<\/b><\/p>\n<ol>\n<li><span style=\"font-weight: 400;\">Planificaci\u00f3n y ejecuci\u00f3n de la estrategia de comunicaci\u00f3n del festival durante el periodo contratado.<\/span><\/li>\n<li><span style=\"font-weight: 400;\">Organizaci\u00f3n y coordinaci\u00f3n de 2-3 ruedas de prensa.<\/span><\/li>\n<li><span style=\"font-weight: 400;\">Redacci\u00f3n y env\u00edo de notas de prensa.<\/span><\/li>\n<li><span style=\"font-weight: 400;\">Gesti\u00f3n y coordinaci\u00f3n de entrevistas con medios (radio, televisi\u00f3n y prensa escrita\/digital).<\/span><\/li>\n<li><span style=\"font-weight: 400;\">Interlocuci\u00f3n directa con invitades del festival (gesti\u00f3n de entrevistas, acompa\u00f1amiento y coordinaci\u00f3n con medios)<\/span><\/li>\n<li><span style=\"font-weight: 400;\">Gesti\u00f3n diaria de redes sociales (creaci\u00f3n de contenidos, calendarizaci\u00f3n, seguimiento e interacci\u00f3n).<\/span><\/li>\n<li><span style=\"font-weight: 400;\">Coordinaci\u00f3n y seguimiento de la correcta menci\u00f3n de patrocinadores y colaboradoras en todos los materiales y acciones de comunicaci\u00f3n (notas de prensa, ruedas de prensa, redes sociales, entrevistas, etc.)<\/span><\/li>\n<li><span style=\"font-weight: 400;\">Coordinaci\u00f3n del equipo de fot\u00f3grafas, incluyendo planificaci\u00f3n de coberturas y gesti\u00f3n de materiales.<\/span><\/li>\n<li><span style=\"font-weight: 400;\">Relaci\u00f3n directa con medios de comunicaci\u00f3n y seguimiento de impactos.<\/span><\/li>\n<li><span style=\"font-weight: 400;\">Elaboraci\u00f3n de una memoria final de comunicaci\u00f3n, incluyendo clipping de prensa (recopilaci\u00f3n y an\u00e1lisis de impactos en medios)<\/span><\/li>\n<\/ol>\n<p>&nbsp;<\/p>\n<p><b>COMPETENCIAS PROFESIONALES REQUERIDAS<\/b><\/p>\n<p><b>Comunes a la organizaci\u00f3n<\/b><\/p>\n<ol>\n<li style=\"font-weight: 400;\" aria-level=\"1\"><span style=\"font-weight: 400;\">Compromiso y alta motivaci\u00f3n para el trabajo en difusi\u00f3n de eventos culturales LGTBIQ+.<\/span><\/li>\n<li style=\"font-weight: 400;\" aria-level=\"1\"><span style=\"font-weight: 400;\">Flexibilidad.<\/span><\/li>\n<li style=\"font-weight: 400;\" aria-level=\"1\"><span style=\"font-weight: 400;\">Capacidad de trabajo en equipo.<\/span><\/li>\n<\/ol>\n<p><b>Espec\u00edficas del puesto de trabajo<\/b><\/p>\n<ol>\n<li style=\"font-weight: 400;\" aria-level=\"1\"><span style=\"font-weight: 400;\">Dominio oral y escrito<\/span> <span style=\"font-weight: 400;\">de euskera y castellano.<\/span><\/li>\n<li style=\"font-weight: 400;\" aria-level=\"1\"><span style=\"font-weight: 400;\">Conocimiento del funcionamiento de medios de comunicaci\u00f3n.<\/span><\/li>\n<li style=\"font-weight: 400;\" aria-level=\"1\"><span style=\"font-weight: 400;\">Manejo profesional de redes sociales.<\/span><\/li>\n<li style=\"font-weight: 400;\" aria-level=\"1\"><span style=\"font-weight: 400;\">Capacidad de trabajo aut\u00f3nomo y en equipo.<\/span><\/li>\n<li style=\"font-weight: 400;\" aria-level=\"1\"><span style=\"font-weight: 400;\">Experiencia previa en comunicaci\u00f3n cultural, festivales o eventos.<\/span><\/li>\n<li style=\"font-weight: 400;\" aria-level=\"1\"><span style=\"font-weight: 400;\">Habilidades de redacci\u00f3n y comunicaci\u00f3n interpersonal.<\/span><\/li>\n<li style=\"font-weight: 400;\" aria-level=\"1\"><span style=\"font-weight: 400;\">Capacidad para tratar con artistas, invitades y profesionales del sector.<\/span><\/li>\n<li style=\"font-weight: 400;\" aria-level=\"1\"><span style=\"font-weight: 400;\">Capacidad organizativa y de gesti\u00f3n de m\u00faltiples tareas.<\/span><\/li>\n<\/ol>\n<p>&nbsp;<\/p>\n<p><b>SE VALORAR\u00c1<\/b><\/p>\n<ol>\n<li style=\"font-weight: 400;\" aria-level=\"1\"><span style=\"font-weight: 400;\">Nivel fluido de ingl\u00e9s.<\/span><\/li>\n<li style=\"font-weight: 400;\" aria-level=\"1\"><span style=\"font-weight: 400;\">Experiencia en el \u00e1mbito audiovisual o cinematogr\u00e1fico.<\/span><\/li>\n<li style=\"font-weight: 400;\" aria-level=\"1\"><span style=\"font-weight: 400;\">Conocimiento del contexto cultural local.<\/span><\/li>\n<li style=\"font-weight: 400;\" aria-level=\"1\"><span style=\"font-weight: 400;\">Sensibilidad y conocimiento de tem\u00e1ticas sociales y culturales afines al festival.<\/span><\/li>\n<\/ol>\n<p>&nbsp;<\/p>\n<p><b>SE OFRECE<\/b><\/p>\n<ol>\n<li style=\"font-weight: 400;\" aria-level=\"1\"><span style=\"font-weight: 400;\">Jornada: 35 horas semanales\u00a0<\/span><\/li>\n<li style=\"font-weight: 400;\" aria-level=\"1\"><span style=\"font-weight: 400;\">Lugar de trabajo: Bilbao.<\/span><\/li>\n<li style=\"font-weight: 400;\" aria-level=\"1\"><span style=\"font-weight: 400;\">Contrato: r\u00e9gimen general o aut\u00f3nomo freelance<\/span><\/li>\n<li style=\"font-weight: 400;\" aria-level=\"1\"><span style=\"font-weight: 400;\">Duraci\u00f3n: Del 04\/05\/2026 al 04\/07\/2026.<\/span><\/li>\n<\/ol>\n<p>&nbsp;<\/p>\n<p><b>REQUISITOS PARA LA PRESENTACI\u00d3N DE CANDIDATURAS:<\/b><b><br \/>\n<\/b><span style=\"font-weight: 400;\">Las personas interesadas deber\u00e1n enviar su candidatura a <\/span><a href=\"mailto:zinegoak@zinegoak.com\"><span style=\"font-weight: 400;\">zinegoak@zinegoak.com<\/span><\/a><span style=\"font-weight: 400;\"> indicando en el asunto del mensaje\u00a0<\/span><\/p>\n<p><span style=\"font-weight: 400;\">Referencia: RESPONSABLE COMUNICACI\u00d3N\u00a0<\/span><\/p>\n<p><span style=\"font-weight: 400;\">Deber\u00e1 adjuntarse CV y breve carta de motivaci\u00f3n, indicando la experiencia relevante en comunicaci\u00f3n de eventos culturales.\u00a0<\/span><\/p>\n<p><b>Plazo de admisi\u00f3n de candidaturas: hasta el 15 de abril de 2026<\/b><\/p>","protected":false},"excerpt":{"rendered":"<p>La asociaci\u00f3n Zinegoak convoca una plaza de responsable de comunicaci\u00f3n del festival Zinegoak El festival Zinegoak abre convocatoria para la contrataci\u00f3n temporal de una persona responsable de comunicaci\u00f3n durante los meses de mayo y junio. &nbsp; DESCRIPCI\u00d3N DEL FESTIVAL Zinegoak es el principal festival de cine y artes esc\u00e9nicas LGTBIQ+ de Euskadi y uno de [&hellip;]<\/p>\n","protected":false},"author":1,"featured_media":11058,"comment_status":"closed","ping_status":"closed","sticky":false,"template":"","format":"standard","meta":{"footnotes":""},"categories":[3,5],"tags":[],"class_list":["post-11057","post","type-post","status-publish","format-standard","has-post-thumbnail","hentry","category-albisteak","category-noticias"],"_links":{"self":[{"href":"https:\/\/zinegoak.com\/en\/wp-json\/wp\/v2\/posts\/11057","targetHints":{"allow":["GET"]}}],"collection":[{"href":"https:\/\/zinegoak.com\/en\/wp-json\/wp\/v2\/posts"}],"about":[{"href":"https:\/\/zinegoak.com\/en\/wp-json\/wp\/v2\/types\/post"}],"author":[{"embeddable":true,"href":"https:\/\/zinegoak.com\/en\/wp-json\/wp\/v2\/users\/1"}],"replies":[{"embeddable":true,"href":"https:\/\/zinegoak.com\/en\/wp-json\/wp\/v2\/comments?post=11057"}],"version-history":[{"count":5,"href":"https:\/\/zinegoak.com\/en\/wp-json\/wp\/v2\/posts\/11057\/revisions"}],"predecessor-version":[{"id":11063,"href":"https:\/\/zinegoak.com\/en\/wp-json\/wp\/v2\/posts\/11057\/revisions\/11063"}],"wp:featuredmedia":[{"embeddable":true,"href":"https:\/\/zinegoak.com\/en\/wp-json\/wp\/v2\/media\/11058"}],"wp:attachment":[{"href":"https:\/\/zinegoak.com\/en\/wp-json\/wp\/v2\/media?parent=11057"}],"wp:term":[{"taxonomy":"category","embeddable":true,"href":"https:\/\/zinegoak.com\/en\/wp-json\/wp\/v2\/categories?post=11057"},{"taxonomy":"post_tag","embeddable":true,"href":"https:\/\/zinegoak.com\/en\/wp-json\/wp\/v2\/tags?post=11057"}],"curies":[{"name":"wp","href":"https:\/\/api.w.org\/{rel}","templated":true}]}}