{"id":294,"date":"2017-01-12T10:33:36","date_gmt":"2017-01-12T10:33:36","guid":{"rendered":"https:\/\/zinegoak.com\/?p=294"},"modified":"2017-02-01T10:59:53","modified_gmt":"2017-02-01T10:59:53","slug":"zinegoak2017_imagen","status":"publish","type":"post","link":"https:\/\/zinegoak.com\/en\/zinegoak2017_imagen\/","title":{"rendered":"Ni hombre, ni mujer: \u00a1muxe!"},"content":{"rendered":"<p><\/p>\n<h1><strong>Ni hombre, ni mujer: \u00a1muxe!<\/strong><\/h1>\n<p>El cartel de la presente edici\u00f3n est\u00e1 relacionado con la identidad y expresi\u00f3n de g\u00e9nero<\/p>\n<p>El festival internacional de cine y artes esc\u00e9nicas lgtb de Bilbao, Zinegoak, ha presentado hoy, 11 de enero, el cartel que ser\u00e1 la imagen de la 14\u00ba edici\u00f3n del festival estar\u00e1 protagonizado por una persona <strong>muxe<\/strong>.<\/p>\n<p>Acostumbrados a que los carteles de Zinegoak siempre traten temas relacionados con la orientaci\u00f3n sexual (gay, lesbiana, bisexual\u2026) o con la transexualidad, tal y como ocurr\u00eda el a\u00f1o pasado, esta edici\u00f3n es la <strong>identidad y la expresi\u00f3n de g\u00e9nero<\/strong> la que protagonizar\u00e1 los carteles y restos de materiales promocionales, en un intento por continuar introduciendo \u00a0para un <strong>p\u00fablico amplio<\/strong> conceptos como identidad, rol o expresi\u00f3n de g\u00e9nero que no suelen ser protagonistas de forma habitual.<\/p>\n<p>El protagonismo del cartel de la edici\u00f3n de 2017 ha reca\u00eddo en una persona muxe. La cultura Zapoteca del istmo de Tehuantepec reconoce desde hace siglos este g\u00e9nero como <strong>una tercera opci\u00f3n,<\/strong> ni mejor ni peor que hombres o mujeres, sino distinta y con caracter\u00edsticas propias y diferenciadas. De hecho, son muchas las culturas antiguas que reconocen tres e incluso hasta cinco g\u00e9neros distintos.<\/p>\n<p>El cartel est\u00e1 basado en una fotograf\u00eda de<strong> Nuria L\u00f3pez Torres<\/strong>, fot\u00f3grafa nacida en Barcelona y que ha centrado su trabajo en tem\u00e1ticas relacionadas con las mujeres, el g\u00e9nero, las identidades, las violencias y las sexualidades. La protagonista del cartel se llama Estrella, y vive en la zona anteriormente citada.<\/p>\n<p>Tal y como ha explicado Pau Guill\u00e9n, director de Zinegoak, &#8220;a mucha gente le sorprende descubrir que existen culturas que reconocen g\u00e9neros <strong>m\u00e1s all\u00e1 de lo masculino y lo femenino.<\/strong> En la actualidad algunos pa\u00edses occidentales incluso aceptan de forma oficial la existencia de los llamados g\u00e9neros no binarios&#8221;. En Alemania, Australia o Nepal, por citar algunos lugares, se da la oportunidad de elegir g\u00e9neros neutros en sus documentos oficiales.<\/p>\n<p>M\u00e1s all\u00e1 del cartel, la programaci\u00f3n de la presente edici\u00f3n de Zinegoak tambi\u00e9n tratar\u00e1 varios temas relacionados con la diversidad de g\u00e9nero. &#8220;Esta evoluci\u00f3n en los temas tambi\u00e9n est\u00e1 presente en las obras que componen la programaci\u00f3n del festival. Cada vez hay m\u00e1s inter\u00e9s por profundizar en cuestiones que tienen que ver con la <strong>construcci\u00f3n de la identidad de g\u00e9nero<\/strong> y no s\u00f3lo con temas afectivos&#8221;.<\/p>\n<p>Zinegoak se celebrar\u00e1 este a\u00f1o del <strong>20 de febrero al 5 de marzo,<\/strong> convirtiendo febrero en el mes de la diversidad en Bilbao. Varios espacios culturales de la villa (Bilborock, La Fundici\u00f3n, Sala BBK, Kafe Antzokia, BilbaoArte&#8230;) volver\u00e1n a llenarse de buen cine, artes esc\u00e9nicas, espect\u00e1culos&#8230;<\/p>\n<p><img loading=\"lazy\" decoding=\"async\" class=\"aligncenter wp-image-295 size-full\" src=\"https:\/\/zinegoak.com\/wp-content\/uploads\/2017\/01\/CARTEL_A4_WEB.jpg\" alt=\"CARTEL_A4_WEB\" width=\"595\" height=\"842\" srcset=\"https:\/\/zinegoak.com\/wp-content\/uploads\/2017\/01\/CARTEL_A4_WEB.jpg 595w, https:\/\/zinegoak.com\/wp-content\/uploads\/2017\/01\/CARTEL_A4_WEB-212x300.jpg 212w\" sizes=\"auto, (max-width: 595px) 100vw, 595px\" \/><\/p>","protected":false},"excerpt":{"rendered":"<p>Ni hombre, ni mujer: \u00a1muxe! El cartel de la presente edici\u00f3n est\u00e1 relacionado con la identidad y expresi\u00f3n de g\u00e9nero El festival internacional de cine y artes esc\u00e9nicas lgtb de Bilbao, Zinegoak, ha presentado hoy, 11 de enero, el cartel que ser\u00e1 la imagen de la 14\u00ba edici\u00f3n del festival estar\u00e1 protagonizado por una persona [&hellip;]<\/p>\n","protected":false},"author":1,"featured_media":287,"comment_status":"closed","ping_status":"closed","sticky":false,"template":"","format":"standard","meta":{"footnotes":""},"categories":[3,5],"tags":[],"class_list":["post-294","post","type-post","status-publish","format-standard","has-post-thumbnail","hentry","category-albisteak","category-noticias"],"_links":{"self":[{"href":"https:\/\/zinegoak.com\/en\/wp-json\/wp\/v2\/posts\/294","targetHints":{"allow":["GET"]}}],"collection":[{"href":"https:\/\/zinegoak.com\/en\/wp-json\/wp\/v2\/posts"}],"about":[{"href":"https:\/\/zinegoak.com\/en\/wp-json\/wp\/v2\/types\/post"}],"author":[{"embeddable":true,"href":"https:\/\/zinegoak.com\/en\/wp-json\/wp\/v2\/users\/1"}],"replies":[{"embeddable":true,"href":"https:\/\/zinegoak.com\/en\/wp-json\/wp\/v2\/comments?post=294"}],"version-history":[{"count":6,"href":"https:\/\/zinegoak.com\/en\/wp-json\/wp\/v2\/posts\/294\/revisions"}],"predecessor-version":[{"id":573,"href":"https:\/\/zinegoak.com\/en\/wp-json\/wp\/v2\/posts\/294\/revisions\/573"}],"wp:featuredmedia":[{"embeddable":true,"href":"https:\/\/zinegoak.com\/en\/wp-json\/wp\/v2\/media\/287"}],"wp:attachment":[{"href":"https:\/\/zinegoak.com\/en\/wp-json\/wp\/v2\/media?parent=294"}],"wp:term":[{"taxonomy":"category","embeddable":true,"href":"https:\/\/zinegoak.com\/en\/wp-json\/wp\/v2\/categories?post=294"},{"taxonomy":"post_tag","embeddable":true,"href":"https:\/\/zinegoak.com\/en\/wp-json\/wp\/v2\/tags?post=294"}],"curies":[{"name":"wp","href":"https:\/\/api.w.org\/{rel}","templated":true}]}}