{"id":308,"date":"2017-01-13T15:40:12","date_gmt":"2017-01-13T15:40:12","guid":{"rendered":"https:\/\/zinegoak.com\/?p=308"},"modified":"2017-01-16T17:19:25","modified_gmt":"2017-01-16T17:19:25","slug":"datak-fechas","status":"publish","type":"post","link":"https:\/\/zinegoak.com\/en\/datak-fechas\/","title":{"rendered":"Zinegoak 2017, del 20 de febrero al 5 de marzo"},"content":{"rendered":"<p><\/p>\n<h1><strong>Zinegoak 2017, del 20 de febrero al 5 de marzo<\/strong><\/h1>\n<p>El mes de febrero ser\u00e1 el mes de la diversidad en Bilbao<\/p>\n<p>A\u00f1o tras a\u00f1o, el festival internacional de cine y artes esc\u00e9nicas lgtb de Bilbao nos ha acostumbrado a un incremento en su oferta de cine, artes esc\u00e9nicas y cultura. Lentamente ha ido ocupando cerca de una docena de espacios por todo Bilbao, pero ahora tambi\u00e9n crece en n\u00famero de d\u00edas, hasta convertir febrero en el mes del cine y la cultura sobre diversidad sexual.<\/p>\n<p>En esta edici\u00f3n Zinegoak inaugurar\u00e1 el lunes 20 de febrero, de nuevo en el Teatro Arriaga, y clausurar\u00e1 su actividades el 5 de marzo. De esta manera, Zinegoak tendr\u00e1 una duraci\u00f3n oficial de dos semanas de cine, cultura y artes esc\u00e9nicas con contenidos sobre diversidad sexual, identidad de g\u00e9nero, diversidad familiar o feminismo para todo tipo de p\u00fablicos.<\/p>\n<p>\u201cLas \u00faltimas ediciones han tenido una duraci\u00f3n de una sola semana en la que se terminaban amontonando las actividades\u201d comenta su director Pau Guill\u00e9n, \u201cLa idea de esta edici\u00f3n no es aumentar la cantidad de obras, sino ofrecer m\u00e1s tiempo y opciones para poder disfrutar de ellas.\u201d<\/p>\n<p>A las dos semanas de programaci\u00f3n oficial, se sumar\u00e1n las actividades previas del programa \u201c3.2.1\u2026 Zinegoak\u201d, y tambi\u00e9n todo el mes de marzo en el que el festival se vuelve itinerante y recorre cerca de una treintena de poblaciones de todo el territorio vasco.<\/p>\n<p>Pero no son estas las \u00fanicas novedades del festival.<\/p>\n<p>\u201cEste a\u00f1o contaremos con dos premios especiales, uno de ellos, de marcado perfil cinematogr\u00e1fico, el otro m\u00e1s militante y comprometido con la lucha a favor de los derechos de las personas LGTB en \u00c1frica\u201d, adelanta guill\u00e9n sin querer desvelar a\u00fan la identidad de ninguno de los dos.\u201d<\/p>\n<p>Adem\u00e1s por primera vez se realizar\u00e1n actividades formativas con los alumnos de comunicaci\u00f3n de la EHU-UPV, as\u00ed como de otros centros de formaci\u00f3n de profesionales de los medios audiovisuales.<\/p>","protected":false},"excerpt":{"rendered":"<p>Zinegoak 2017, del 20 de febrero al 5 de marzo El mes de febrero ser\u00e1 el mes de la diversidad en Bilbao A\u00f1o tras a\u00f1o, el festival internacional de cine y artes esc\u00e9nicas lgtb de Bilbao nos ha acostumbrado a un incremento en su oferta de cine, artes esc\u00e9nicas y cultura. Lentamente ha ido ocupando [&hellip;]<\/p>\n","protected":false},"author":1,"featured_media":310,"comment_status":"closed","ping_status":"closed","sticky":false,"template":"","format":"standard","meta":{"footnotes":""},"categories":[3,5],"tags":[],"class_list":["post-308","post","type-post","status-publish","format-standard","has-post-thumbnail","hentry","category-albisteak","category-noticias"],"_links":{"self":[{"href":"https:\/\/zinegoak.com\/en\/wp-json\/wp\/v2\/posts\/308","targetHints":{"allow":["GET"]}}],"collection":[{"href":"https:\/\/zinegoak.com\/en\/wp-json\/wp\/v2\/posts"}],"about":[{"href":"https:\/\/zinegoak.com\/en\/wp-json\/wp\/v2\/types\/post"}],"author":[{"embeddable":true,"href":"https:\/\/zinegoak.com\/en\/wp-json\/wp\/v2\/users\/1"}],"replies":[{"embeddable":true,"href":"https:\/\/zinegoak.com\/en\/wp-json\/wp\/v2\/comments?post=308"}],"version-history":[{"count":9,"href":"https:\/\/zinegoak.com\/en\/wp-json\/wp\/v2\/posts\/308\/revisions"}],"predecessor-version":[{"id":393,"href":"https:\/\/zinegoak.com\/en\/wp-json\/wp\/v2\/posts\/308\/revisions\/393"}],"wp:featuredmedia":[{"embeddable":true,"href":"https:\/\/zinegoak.com\/en\/wp-json\/wp\/v2\/media\/310"}],"wp:attachment":[{"href":"https:\/\/zinegoak.com\/en\/wp-json\/wp\/v2\/media?parent=308"}],"wp:term":[{"taxonomy":"category","embeddable":true,"href":"https:\/\/zinegoak.com\/en\/wp-json\/wp\/v2\/categories?post=308"},{"taxonomy":"post_tag","embeddable":true,"href":"https:\/\/zinegoak.com\/en\/wp-json\/wp\/v2\/tags?post=308"}],"curies":[{"name":"wp","href":"https:\/\/api.w.org\/{rel}","templated":true}]}}