{"id":4770,"date":"2019-11-26T08:26:14","date_gmt":"2019-11-26T08:26:14","guid":{"rendered":"https:\/\/zinegoak.com\/?p=4770"},"modified":"2019-11-26T08:26:14","modified_gmt":"2019-11-26T08:26:14","slug":"ciclo-de-cine-vihsible-zinema-zikola","status":"publish","type":"post","link":"https:\/\/zinegoak.com\/en\/ciclo-de-cine-vihsible-zinema-zikola\/","title":{"rendered":"Ciclo de cine VIHsible Zinema Zikola"},"content":{"rendered":"<div class=\"wpb-content-wrapper\"><p><\/p>\n<p class=\"gmail-p4\"><span class=\"gmail-s1\"><b>Zinegoak reivindica la creaci\u00f3n art\u00edstica y la visibilidad como herramientas de lucha contra el estigma del VIH en la 3\u00aa edici\u00f3n del Ciclo de cine VHisible.<\/b><\/span><\/p>\n<p class=\"gmail-p5\"><span class=\"gmail-s1\">El ciclo, que ser\u00e1 de acceso gratuito los d\u00edas 4 y 5 de Diciembre en Bilborock, ofrecer\u00e1 \u201cLemebel\u201d, documental ganador del premio Teddy de la pasada Berlinale y que retrata la figura del ic\u00f3nico artista contracultural chileno Pedro Lemebel y \u201c1985\u201d, la emotiva y tierna pel\u00edcula ganadora del premio al mejor gui\u00f3n en Zinegoak 2019.<\/span><\/p>\n<p class=\"gmail-p6\"><span class=\"gmail-s1\">La Asociaci\u00f3n Zinegoak vuelve a ofrecer una propuesta cinematogr\u00e1fica de calidad con motivo de la celebraci\u00f3n del dia internacional de la lucha contra el VIH, el 1 de Diciembre.<\/span><\/p>\n<p class=\"gmail-p6\"><span class=\"gmail-s1\">\u201cEstamos convencidos de que el cine y arte tienen la capacidad transformar la percepci\u00f3n que tenemos sobre la realidad y sobre la manera de relacionarnos con los distintos temas que estas abarquen\u201d comenta Pau Guill\u00e9n, director de Zinegoak, \u201cy por esa raz\u00f3n, la visibilidad acerca de la realidad del VIH, del estigma que sigue generando en nuestra sociedad y de aquellos artistas que lo han abordado de manera valiente, protagonizan las propuestas del Ciclo de cine VHIsible en 2019\u201d<\/span><\/p>\n<p class=\"gmail-p6\"><span class=\"gmail-s1\">Las dos pel\u00edculas que componen esa actividad llegan avaladas por grandes reconocimientos internacional.<\/span><\/p>\n<p class=\"gmail-p6\"><span class=\"gmail-s1\"><strong>\u201cLemebel\u201d<\/strong> es un largometraje documental dirigido por la chilena Johana Reposi que nos ofrece una mirada sobre Pedro Lemebel, uno de los m\u00e1s conocidos iconos contraculturales e influyentes dentro del contexto LGTBI latinoamericano. Adem\u00e1s, Pedro Lemebel y Francisco Casas conformaron en 1987, aun bajo la dictadura de Pinochet, el colectivo Las yeguas del apocalipsis con el que activaron una serie de intervenciones y posicionamientos art\u00edstico-pol\u00edticos en distintas ciudades del pa\u00eds. Agitador social, luchador por los derechos sociales y contra la dictadura militar, sus creaciones promov\u00edan m\u00e1s bien un discurso que apelaba a un cruce entre pol\u00edticas de izquierda y pol\u00edticas del deseo, y entre la denuncia de la violencia dictatorial y la crisis del VIH.<span class=\"gmail-Apple-converted-space\">\u00a0<\/span><\/span><\/p>\n<p class=\"gmail-p6\"><span class=\"gmail-s1\">El documental fue galardonado con el premio Teddy de la pasada Berlinale y adem\u00e1s se ha convertido en el documental m\u00e1s visto del a\u00f1o en salas comerciales en su pa\u00eds.<\/span><\/p>\n<p class=\"gmail-p6\"><span class=\"gmail-s1\"><strong>\u201c1985\u201d<\/strong> la \u00f3pera prima del director Yan Ten es una historia enfocada en la Norteam\u00e9rica profunda y las cicatrices que el VIH provocaron en el momento de su aparici\u00f3n.<span class=\"gmail-Apple-converted-space\">\u00a0<\/span><\/span><\/p>\n<p class=\"gmail-p6\"><span class=\"gmail-s1\">La pel\u00edcula se basa en el cortometraje del mismo t\u00edtulo y nos ofrece de manera delicada, sencilla y contenida una reflexi\u00f3n directa y emotiva de las heridas que produce el estigma y el miedo, de lo complicadas que se pueden hacer las relaciones familiares cuando se tiene que ocultar un secreto o alcanzar las expectativas creadas. Afortunadamente no lo hace en balde y la esperanza y el amor consiguen abrirse camino.<\/span><\/p>\n<p class=\"gmail-p6\"><span class=\"gmail-s1\">Ganadora de m\u00e1s de media docena de premios internacionales, fue la obra que logr\u00f3 el galard\u00f3n al mejor gui\u00f3n de la pasada edici\u00f3n de Zinegoak y una de las m\u00e1s aplaudidas por el p\u00fablico.<\/span><\/p>\n<p>[\/vc_column_text][vc_btn title=&#8221;+ info&#8221; size=&#8221;sm&#8221; align=&#8221;center&#8221; link=&#8221;url:https%3A%2F%2Fzinegoak.com%2Fvihsible%2F||&#8221;][\/vc_column][\/vc_row]<\/p>\n<p>&nbsp;<\/p>\n<\/div>","protected":false},"excerpt":{"rendered":"<p>Zinegoak reivindica la creaci\u00f3n art\u00edstica y la visibilidad como herramientas de lucha contra el estigma del VIH en la 3\u00aa edici\u00f3n del Ciclo de cine VHisible. El ciclo, que ser\u00e1 de acceso gratuito los d\u00edas 4 y 5 de Diciembre en Bilborock, ofrecer\u00e1 \u201cLemebel\u201d, documental ganador del premio Teddy de la pasada Berlinale y que [&hellip;]<\/p>\n","protected":false},"author":1,"featured_media":4773,"comment_status":"closed","ping_status":"closed","sticky":false,"template":"","format":"standard","meta":{"footnotes":""},"categories":[3],"tags":[],"class_list":["post-4770","post","type-post","status-publish","format-standard","has-post-thumbnail","hentry","category-albisteak"],"_links":{"self":[{"href":"https:\/\/zinegoak.com\/en\/wp-json\/wp\/v2\/posts\/4770","targetHints":{"allow":["GET"]}}],"collection":[{"href":"https:\/\/zinegoak.com\/en\/wp-json\/wp\/v2\/posts"}],"about":[{"href":"https:\/\/zinegoak.com\/en\/wp-json\/wp\/v2\/types\/post"}],"author":[{"embeddable":true,"href":"https:\/\/zinegoak.com\/en\/wp-json\/wp\/v2\/users\/1"}],"replies":[{"embeddable":true,"href":"https:\/\/zinegoak.com\/en\/wp-json\/wp\/v2\/comments?post=4770"}],"version-history":[{"count":4,"href":"https:\/\/zinegoak.com\/en\/wp-json\/wp\/v2\/posts\/4770\/revisions"}],"predecessor-version":[{"id":4775,"href":"https:\/\/zinegoak.com\/en\/wp-json\/wp\/v2\/posts\/4770\/revisions\/4775"}],"wp:featuredmedia":[{"embeddable":true,"href":"https:\/\/zinegoak.com\/en\/wp-json\/wp\/v2\/media\/4773"}],"wp:attachment":[{"href":"https:\/\/zinegoak.com\/en\/wp-json\/wp\/v2\/media?parent=4770"}],"wp:term":[{"taxonomy":"category","embeddable":true,"href":"https:\/\/zinegoak.com\/en\/wp-json\/wp\/v2\/categories?post=4770"},{"taxonomy":"post_tag","embeddable":true,"href":"https:\/\/zinegoak.com\/en\/wp-json\/wp\/v2\/tags?post=4770"}],"curies":[{"name":"wp","href":"https:\/\/api.w.org\/{rel}","templated":true}]}}