{"id":5962,"date":"2021-01-13T08:59:10","date_gmt":"2021-01-13T07:59:10","guid":{"rendered":"https:\/\/zinegoak.com\/?p=5962"},"modified":"2021-01-13T09:51:06","modified_gmt":"2021-01-13T08:51:06","slug":"zinegoak-2021-sin-genero-de-dudas","status":"publish","type":"post","link":"https:\/\/zinegoak.com\/en\/zinegoak-2021-sin-genero-de-dudas\/","title":{"rendered":"Zinegoak 2021: Sin g\u00e9nero de dudas"},"content":{"rendered":"<div class=\"wpb-content-wrapper\"><p>[vc_row][vc_column][vc_column_text]<\/p>\n<h1><b>Zinegoak 2021: Sin g\u00e9nero de dudas<\/b><\/h1>\n<p><span style=\"font-weight: 400;\">\u201cSin g\u00e9nero de dudas&#8221; es el lema elegido por la organizaci\u00f3n de Zinegoak para su edici\u00f3n 18 y hace referencia a dos ideas distintas. Por una parte el festival no ten\u00eda ninguna duda sobre la celebraci\u00f3n de esta edici\u00f3n que se adaptar\u00e1 a las circunstancias sanitarias actuales y por la que adem\u00e1s de su versi\u00f3n presencial tambi\u00e9n desarrollar\u00e1 una versi\u00f3n online a trav\u00e9s de la plataforma Filmin. Por otra parte, responde a la imagen elegida para convertirse en el cartel oficial.<\/span><\/p>\n<p><span style=\"font-weight: 400;\">\u201cLa imagen de Helena Go\u00f1i nos ayuda a visibilizar a toda una generaci\u00f3n que vive de una manera natural su identidad de g\u00e9nero\u201d, explica Pau Guill\u00e9n, director del festival. \u201cT\u00e9rminos como &#8216;persona no binaria&#8217;, &#8216;g\u00e9nero neutro&#8217; o &#8216;g\u00e9nero fluido&#8217; entre otras, son una realidad con la que ya estamos conviviendo y no es necesario saber de manera precisa qu\u00e9 significa cada uno de ellos, tan solo es necesario saber que los l\u00edmites de la identidad de g\u00e9nero se han expandido y que todas las opciones son v\u00e1lidas\u201d.<\/span><\/p>\n<p><span style=\"font-weight: 400;\">La fotograf\u00eda est\u00e1 protagonizada por cuatro j\u00f3venes con el pelo tintado de verde en distintos grados de intensidad. \u201cMi intenci\u00f3n era crear una identidad colectiva a trav\u00e9s de ese gesto y que despu\u00e9s cada cual fuera adaptando ese color a su manera\u201d comenta Go\u00f1i, que a pesar de que no buscaba realizar un an\u00e1lisis espec\u00edfico sobre la cuesti\u00f3n de g\u00e9nero, este apareci\u00f3 de manera natural. Al preguntar a sus protagonistas si les parec\u00eda bien formar parte del cartel oficial de Zinegoak, qued\u00f3 patente que esa diversidad y variedad tambi\u00e9n formaba parte de su realidad cotidiana.<\/span><\/p>\n<p><span style=\"font-weight: 400;\">Se trata sin duda de un retrato generacional que nos muestra de manera natural y cercana que todo el trabajo que en los \u00faltimos a\u00f1os se ha ido desarrollado en el \u00e1mbito de la educaci\u00f3n y sensibilizaci\u00f3n sobre diversidad sexual va calando en nuestra sociedad de manera org\u00e1nica y se va encarnando en las generaciones m\u00e1s j\u00f3venes.<\/span><\/p>\n<p><span style=\"font-weight: 400;\">Para Zinegoak, ese concepto de punto de partida com\u00fan, en el que despu\u00e9s cada persona se va desarrollando y adaptando seg\u00fan sus necesidades, circunstancias y caracter\u00edsticas propias, ha sido la clave de la elecci\u00f3n.<\/span><\/p>\n<p>&nbsp;<\/p>\n<p><b>Edici\u00f3n presencial y virtual<\/b><\/p>\n<p><span style=\"font-weight: 400;\">La edici\u00f3n 18 de Zinegoak no renuncia a su identidad y mantiene las dos semanas de duraci\u00f3n apostando de manera clara por una versi\u00f3n presencial pero adapt\u00e1ndose a las actuales circunstancias y ofreciendo tambi\u00e9n una versi\u00f3n online a trav\u00e9s de la plataforma Filmin.<\/span><\/p>\n<p><span style=\"font-weight: 400;\">\u201cEn ning\u00fan momento nos planteamos dejar de realizar el festival de manera presencial&#8221;, explica Pau Guillen, director de Zinegoak. &#8220;La fuerza de Zinegoak reside en su p\u00fablico y en su entorno, en la gente que acude a las salas, pero tambi\u00e9n somos conscientes de que dadas la actuales circunstancias ten\u00edamos que ser capaces de llevar el festival a todas las casas\u201d.<\/span><\/p>\n<p><span style=\"font-weight: 400;\">Para lograr este fin, el festival se ha aliado con Filmin, donde se podr\u00e1 disfrutar de las secciones del festival adem\u00e1s de otros ciclos especiales.\u00a0<\/span><\/p>\n<p>&nbsp;<\/p>\n<p><b>Lekeitio, sede oficial Zinegoak 2021<\/b><\/p>\n<p><span style=\"font-weight: 400;\">Pero esta no es la \u00fanica estrategia para acercar al p\u00fablico las obras de Zinegoak. Esta edici\u00f3n abrir\u00e1 la puerta a llevar el festival de manera oficial a distintas localidades de Euskal Herria m\u00e1s all\u00e1 de la actividad de la Extensi\u00f3n.<\/span><\/p>\n<p><span style=\"font-weight: 400;\">Zinegoak quiere ampliar sus sedes oficiales y que el festival se celebre de manera simult\u00e1nea en distintos lugares del territorio. La primera de estas colaboraciones ser\u00e1 con Lekeitio, gracias al esfuerzo y colaboraci\u00f3n con Zine Bilera.<\/span><\/p>\n<p><span style=\"font-weight: 400;\">El festival est\u00e1 trabajando a pleno rendimiento para que la edici\u00f3n de 2021 sea segura y presentar\u00e1 toda su programaci\u00f3n y novedades de manera m\u00e1s detallada a mediados del mes de febrero.<\/span><\/p>\n<p>[\/vc_column_text][vc_single_image image=&#8221;5964&#8243; img_size=&#8221;medium&#8221; alignment=&#8221;center&#8221;][\/vc_column][\/vc_row]<\/p>\n<\/div>","protected":false},"excerpt":{"rendered":"<p>[vc_row][vc_column][vc_column_text] Zinegoak 2021: Sin g\u00e9nero de dudas \u201cSin g\u00e9nero de dudas&#8221; es el lema elegido por la organizaci\u00f3n de Zinegoak para su edici\u00f3n 18 y hace referencia a dos ideas distintas. Por una parte el festival no ten\u00eda ninguna duda sobre la celebraci\u00f3n de esta edici\u00f3n que se adaptar\u00e1 a las circunstancias sanitarias actuales y [&hellip;]<\/p>\n","protected":false},"author":1,"featured_media":5963,"comment_status":"closed","ping_status":"closed","sticky":false,"template":"","format":"standard","meta":{"footnotes":""},"categories":[3,5],"tags":[],"class_list":["post-5962","post","type-post","status-publish","format-standard","has-post-thumbnail","hentry","category-albisteak","category-noticias"],"_links":{"self":[{"href":"https:\/\/zinegoak.com\/en\/wp-json\/wp\/v2\/posts\/5962","targetHints":{"allow":["GET"]}}],"collection":[{"href":"https:\/\/zinegoak.com\/en\/wp-json\/wp\/v2\/posts"}],"about":[{"href":"https:\/\/zinegoak.com\/en\/wp-json\/wp\/v2\/types\/post"}],"author":[{"embeddable":true,"href":"https:\/\/zinegoak.com\/en\/wp-json\/wp\/v2\/users\/1"}],"replies":[{"embeddable":true,"href":"https:\/\/zinegoak.com\/en\/wp-json\/wp\/v2\/comments?post=5962"}],"version-history":[{"count":4,"href":"https:\/\/zinegoak.com\/en\/wp-json\/wp\/v2\/posts\/5962\/revisions"}],"predecessor-version":[{"id":5970,"href":"https:\/\/zinegoak.com\/en\/wp-json\/wp\/v2\/posts\/5962\/revisions\/5970"}],"wp:featuredmedia":[{"embeddable":true,"href":"https:\/\/zinegoak.com\/en\/wp-json\/wp\/v2\/media\/5963"}],"wp:attachment":[{"href":"https:\/\/zinegoak.com\/en\/wp-json\/wp\/v2\/media?parent=5962"}],"wp:term":[{"taxonomy":"category","embeddable":true,"href":"https:\/\/zinegoak.com\/en\/wp-json\/wp\/v2\/categories?post=5962"},{"taxonomy":"post_tag","embeddable":true,"href":"https:\/\/zinegoak.com\/en\/wp-json\/wp\/v2\/tags?post=5962"}],"curies":[{"name":"wp","href":"https:\/\/api.w.org\/{rel}","templated":true}]}}