{"id":6115,"date":"2021-02-03T10:28:43","date_gmt":"2021-02-03T09:28:43","guid":{"rendered":"https:\/\/zinegoak.com\/?p=6115"},"modified":"2021-02-03T10:28:43","modified_gmt":"2021-02-03T09:28:43","slug":"sebastien-lifshitz-premio-honorifico-zinegoak-2021-la-magia-de-hacer-visible-lo-invisible","status":"publish","type":"post","link":"https:\/\/zinegoak.com\/en\/sebastien-lifshitz-premio-honorifico-zinegoak-2021-la-magia-de-hacer-visible-lo-invisible\/","title":{"rendered":"S\u00e9bastien Lifshitz, Premio Honor\u00edfico Zinegoak 2021:\u00a0La magia de hacer visible lo invisible"},"content":{"rendered":"<div class=\"wpb-content-wrapper\"><p>[vc_row][vc_column][vc_column_text]<\/p>\n<h1><span style=\"font-weight: 400;\">S\u00e9bastien Lifshitz, Premio Honor\u00edfico Zinegoak 2021:\u00a0<\/span><span style=\"font-weight: 400;\">La magia de hacer visible lo invisible<\/span><\/h1>\n<p><i><span style=\"font-weight: 400;\">El director franc\u00e9s recoger\u00e1 su premio en Bilbao y participar\u00e1 en un pase especial y de acceso gratuito de su \u00faltima pel\u00edcula \u201cPetite Fille\u201d.<\/span><\/i><\/p>\n<p><span style=\"font-weight: 400;\">El festival de cine y artes esc\u00e9nicas gaylesbitrans de Bilbao ha dado a conocer el nombre de quien recibir\u00e1 su m\u00e1ximo galard\u00f3n en su 18\u00aa edici\u00f3n. Se trata del guionista y director franc\u00e9s S\u00e9bastien Lifshitz (Paris, 1968).<\/span><\/p>\n<p><span style=\"font-weight: 400;\">El festival ha destacado su compromiso social y emocional, su gran capacidad de construir un relato f\u00edlmico de manera org\u00e1nica y profundamente humana y su inquebrantable fe en el formato\u00a0 documental como herramienta de trabajo y transformaci\u00f3n social como algunas caracter\u00edsticas que mejor definen su cine y que le han hecho merecedor de su m\u00e1ximo galard\u00f3n.<\/span><\/p>\n<p><span style=\"font-weight: 400;\">Con una prol\u00edfica trayectoria profesional plagada de t\u00edtulos que ahondan en la diversidad sexual, de identidad y de g\u00e9nero, el cineasta franc\u00e9s ha participado en m\u00faltiples ocasiones en Zinegoak y se ha alzado con diversos galardones a lo largo de las distintas ediciones del festival. Su largometraje \u201cWild side\u201d logr\u00f3 el premio a la mejor pel\u00edcula en la primera edici\u00f3n de Zinegoak en 2004 y con \u201cBambi\u201d obtuvo el premio de lesbianismo y g\u00e9nero de 2014. Adem\u00e1s, su fascinante documental \u201cLes vies de Th\u00e9r\u00e8se\u201d fue la pel\u00edcula inaugural del a\u00f1o 2016.<\/span><\/p>\n<p><span style=\"font-weight: 400;\">En palabras de Pau Guill\u00e9n, director de Zinegoak, \u201csu mirada transversal sobre las cuestiones fundamentales de la esencia humana con punto de partida en las realidades LGTBI+ es la que nos ha cautivado. Sus obras nos transforman y enriquecen y logran que tras cada visionado avancemos hacia una sociedad mejor\u201d.\u00a0<\/span><\/p>\n<p><span style=\"font-weight: 400;\">Ganador del premio <\/span><i><span style=\"font-weight: 400;\">Jean Vigo<\/span><\/i><span style=\"font-weight: 400;\">, dos premios Teddy de la Berlinale, un Cesar franc\u00e9s, o el gran premio del jurado del Festival de Cine Xix\u00f3n entre otros reconocimientos, S\u00e9bastien Lifshitz ha construido una s\u00f3lida carrera como documentalista con una mirada sensible, que logra ofrecer la belleza de las personas m\u00e1s invisibles de nuestras sociedades y siempre dota de dignidad y humanidad a quienes han sido apartados a los m\u00e1rgenes de la sociedad.<\/span><\/p>\n<p><span style=\"font-weight: 400;\">El pr\u00f3ximo d\u00eda 28 el director participar\u00e1 en un pase especial de su \u00faltimo trabajo \u201cPetite Fille\u201d, que tendr\u00e1 lugar a las 12:00 en el auditorio de Azkuna Zentroa, donde se le entregar\u00e1 el premio honor\u00edfico. Las invitaciones ya se pueden recoger a partir de hoy en la oficina de AZ Infoa en Azkuna Zentroa.<\/span><\/p>\n<p><span style=\"font-weight: 400;\">Adem\u00e1s, el festival ofrecer\u00e1 una retrospectiva de sus obras que podr\u00e1 disfrutarse tanto de manera presencial y gratuita en la sala BilbaoArte como en el canal online que el festival habilitar\u00e1 en la plataforma Filmin.<\/span>[\/vc_column_text][vc_single_image image=&#8221;6118&#8243; img_size=&#8221;full&#8221; alignment=&#8221;center&#8221;][\/vc_column][\/vc_row]<\/p>\n<\/div>","protected":false},"excerpt":{"rendered":"<p>[vc_row][vc_column][vc_column_text] S\u00e9bastien Lifshitz, Premio Honor\u00edfico Zinegoak 2021:\u00a0La magia de hacer visible lo invisible El director franc\u00e9s recoger\u00e1 su premio en Bilbao y participar\u00e1 en un pase especial y de acceso gratuito de su \u00faltima pel\u00edcula \u201cPetite Fille\u201d. El festival de cine y artes esc\u00e9nicas gaylesbitrans de Bilbao ha dado a conocer el nombre de quien [&hellip;]<\/p>\n","protected":false},"author":1,"featured_media":6117,"comment_status":"closed","ping_status":"closed","sticky":false,"template":"","format":"standard","meta":{"footnotes":""},"categories":[3],"tags":[],"class_list":["post-6115","post","type-post","status-publish","format-standard","has-post-thumbnail","hentry","category-albisteak"],"_links":{"self":[{"href":"https:\/\/zinegoak.com\/en\/wp-json\/wp\/v2\/posts\/6115","targetHints":{"allow":["GET"]}}],"collection":[{"href":"https:\/\/zinegoak.com\/en\/wp-json\/wp\/v2\/posts"}],"about":[{"href":"https:\/\/zinegoak.com\/en\/wp-json\/wp\/v2\/types\/post"}],"author":[{"embeddable":true,"href":"https:\/\/zinegoak.com\/en\/wp-json\/wp\/v2\/users\/1"}],"replies":[{"embeddable":true,"href":"https:\/\/zinegoak.com\/en\/wp-json\/wp\/v2\/comments?post=6115"}],"version-history":[{"count":2,"href":"https:\/\/zinegoak.com\/en\/wp-json\/wp\/v2\/posts\/6115\/revisions"}],"predecessor-version":[{"id":6119,"href":"https:\/\/zinegoak.com\/en\/wp-json\/wp\/v2\/posts\/6115\/revisions\/6119"}],"wp:featuredmedia":[{"embeddable":true,"href":"https:\/\/zinegoak.com\/en\/wp-json\/wp\/v2\/media\/6117"}],"wp:attachment":[{"href":"https:\/\/zinegoak.com\/en\/wp-json\/wp\/v2\/media?parent=6115"}],"wp:term":[{"taxonomy":"category","embeddable":true,"href":"https:\/\/zinegoak.com\/en\/wp-json\/wp\/v2\/categories?post=6115"},{"taxonomy":"post_tag","embeddable":true,"href":"https:\/\/zinegoak.com\/en\/wp-json\/wp\/v2\/tags?post=6115"}],"curies":[{"name":"wp","href":"https:\/\/api.w.org\/{rel}","templated":true}]}}