{"id":6460,"date":"2021-02-18T11:29:32","date_gmt":"2021-02-18T10:29:32","guid":{"rendered":"https:\/\/zinegoak.com\/?p=6460"},"modified":"2021-02-18T11:29:32","modified_gmt":"2021-02-18T10:29:32","slug":"el-3-2-1-zinegoak-se-celebrara-del-26-al-28-de-febrero","status":"publish","type":"post","link":"https:\/\/zinegoak.com\/en\/el-3-2-1-zinegoak-se-celebrara-del-26-al-28-de-febrero\/","title":{"rendered":"El &#8220;3, 2, 1&#8230; Zinegoak!&#8221; se celebrar\u00e1 del 26 al 28 de febrero"},"content":{"rendered":"<p><\/p>\n<h1><strong>El &#8220;3, 2, 1&#8230; Zinegoak!&#8221; se celebrar\u00e1 del 26 al 28 de febrero<\/strong><\/h1>\n<p>La 18 edici\u00f3n de Zinegoak comenzar\u00e1 el pr\u00f3ximo 1 de marzo, con la gala de inauguraci\u00f3n que se celebrar\u00e1 en el teatro Arriaga. Pero al igual que en las anteriores ediciones, el festival organizar\u00e1 varias actividades previas, en el marco del pre-festival &#8220;3, 2, 1&#8230; Zinegoak!&#8221;, todas ellas gratuitas, del 26 al 28 de febrero.<\/p>\n<p>El primer d\u00eda, viernes 26 de febrero, disfrutaremos del documental sobre Kaith Haring en el auditorio del Museo Guggenheim, a las 17:30. <em>Keith Haring: Street art boy<\/em> ofrece gran cantidad de material in\u00e9dito sobre el artista, que nos permitir\u00e1 conocer de manera mucho m\u00e1s profunda a quien fue una de las referencias creativas de los m\u00edticos a\u00f1os 80.<\/p>\n<p>Las entradas se pueden recoger en la web y en taquilla del Museo Guggenheim Bilbao. Iniciativa enmarcada en Toparte.<\/p>\n<p>El s\u00e1bado 27 de febrero conoceremos al grupo revolucionario de mujeres armadas Rote Zora, a las 18:00 en Bilborock. El documental <em>Frauen Bildet Banden, eine Spurensuche zur Geschichte der Roten Zora<\/em> cuenta la historia de Rote Zora, un grupo de mujeres militantes de la RFA, que en las d\u00e9cadas de 1970 y 1980 llev\u00f3 a cabo diversas acciones contra las distintas vertientes de las relaciones de poder patriarcal.<\/p>\n<p>Distintos testigos contempor\u00e1neos, entrevistas con una historiadora y ex Zoras traen de vuelta a la vida la historia de la Rote Zora y el movimiento de mujeres de la \u00e9poca.<\/p>\n<p>El documental realizado por &#8220;Las otras&#8221; refleja\u00a0 que muchos de los temas de Red Zora son de gran actualidad y ofrece material interesante para debatir sobre c\u00f3mo lidiar con esta historia hoy en d\u00eda.<\/p>\n<p>El ciclo del &#8220;3, 2, 1&#8230; Zinegoak!&#8221; se cerrar\u00e1 con la proyecci\u00f3n matinal del documental <em>Petite Fille,<\/em> del premio honor\u00edfico de Zinegoak 2021, S\u00e9bastien Lifshitz, en el auditorio de AZ. El director presentar\u00e1 su \u00faltimo documental, que cuenta la historia de Sasha, \u00a0una ni\u00f1a que lleva so\u00f1ando desde muy peque\u00f1a con que la traten como quien es. Sasha no entiende por qu\u00e9 los adultos lo hacen todo tan complicado, y no la dejan simplemente ser quien es y vestir lo que le apetezca.<\/p>\n<p>La proyecci\u00f3n comenzar\u00e1 a las 12:00 y las entradas se pueden recoger en AZ Info y en la web de AZ.<\/p>","protected":false},"excerpt":{"rendered":"<p>El &#8220;3, 2, 1&#8230; Zinegoak!&#8221; se celebrar\u00e1 del 26 al 28 de febrero La 18 edici\u00f3n de Zinegoak comenzar\u00e1 el pr\u00f3ximo 1 de marzo, con la gala de inauguraci\u00f3n que se celebrar\u00e1 en el teatro Arriaga. Pero al igual que en las anteriores ediciones, el festival organizar\u00e1 varias actividades previas, en el marco del pre-festival [&hellip;]<\/p>\n","protected":false},"author":1,"featured_media":6459,"comment_status":"closed","ping_status":"closed","sticky":false,"template":"","format":"standard","meta":{"footnotes":""},"categories":[3],"tags":[],"class_list":["post-6460","post","type-post","status-publish","format-standard","has-post-thumbnail","hentry","category-albisteak"],"_links":{"self":[{"href":"https:\/\/zinegoak.com\/en\/wp-json\/wp\/v2\/posts\/6460","targetHints":{"allow":["GET"]}}],"collection":[{"href":"https:\/\/zinegoak.com\/en\/wp-json\/wp\/v2\/posts"}],"about":[{"href":"https:\/\/zinegoak.com\/en\/wp-json\/wp\/v2\/types\/post"}],"author":[{"embeddable":true,"href":"https:\/\/zinegoak.com\/en\/wp-json\/wp\/v2\/users\/1"}],"replies":[{"embeddable":true,"href":"https:\/\/zinegoak.com\/en\/wp-json\/wp\/v2\/comments?post=6460"}],"version-history":[{"count":1,"href":"https:\/\/zinegoak.com\/en\/wp-json\/wp\/v2\/posts\/6460\/revisions"}],"predecessor-version":[{"id":6461,"href":"https:\/\/zinegoak.com\/en\/wp-json\/wp\/v2\/posts\/6460\/revisions\/6461"}],"wp:featuredmedia":[{"embeddable":true,"href":"https:\/\/zinegoak.com\/en\/wp-json\/wp\/v2\/media\/6459"}],"wp:attachment":[{"href":"https:\/\/zinegoak.com\/en\/wp-json\/wp\/v2\/media?parent=6460"}],"wp:term":[{"taxonomy":"category","embeddable":true,"href":"https:\/\/zinegoak.com\/en\/wp-json\/wp\/v2\/categories?post=6460"},{"taxonomy":"post_tag","embeddable":true,"href":"https:\/\/zinegoak.com\/en\/wp-json\/wp\/v2\/tags?post=6460"}],"curies":[{"name":"wp","href":"https:\/\/api.w.org\/{rel}","templated":true}]}}