{"id":7023,"date":"2022-01-31T10:22:57","date_gmt":"2022-01-31T09:22:57","guid":{"rendered":"https:\/\/zinegoak.com\/?p=7023"},"modified":"2022-02-09T17:41:33","modified_gmt":"2022-02-09T16:41:33","slug":"la-cineasta-y-activista-argentina-albertina-carri-recibira-el-premio-honorifico-zinegoak-2022","status":"publish","type":"post","link":"https:\/\/zinegoak.com\/en\/la-cineasta-y-activista-argentina-albertina-carri-recibira-el-premio-honorifico-zinegoak-2022\/","title":{"rendered":"La cineasta y activista argentina Albertina Carri recibir\u00e1 el Premio Honor\u00edfico Zinegoak 2022"},"content":{"rendered":"<div class=\"wpb-content-wrapper\"><p>[vc_row][vc_column][vc_column_text]<\/p>\n<h1>[\/vc_column_text][\/vc_column][\/vc_row][vc_row][vc_column][vc_column_text]<\/h1>\n<h1>La cineasta y activista argentina Albertina Carri recibir\u00e1 el Premio Honor\u00edfico Zinegoak 2022<\/h1>\n<p>Albertina Carri recibir\u00e1 el m\u00e1ximo galard\u00f3n de Zinegoak en la gala de inauguraci\u00f3n que se celebrar\u00e1 el 28 de febrero en el teatro Arriaga. El festival ha organizado un ciclo especial sobre la obra de la directora argentina.<\/p>\n<p>El festival de cine y artes esc\u00e9nicas LGTBI+ de Bilbao Zinegoak ha dado a conocer hoy qui\u00e9n recibir\u00e1 el Premio Honor\u00edfico de la presente edici\u00f3n. Zinegoak ha querido reconocer el trabajo de la cineasta y activista argentina Albertina Carri, otorg\u00e1ndole el m\u00e1ximo galard\u00f3n del festival.<\/p>\n<p>Tal y como ha remarcado Alaitz Arenzana, directora art\u00edstica de Zinegoak, &#8220;se trata de una de las voces m\u00e1s influyentes de toda una nueva generaci\u00f3n de creadoras latinoamericanas. Su trabajo es una continua exploraci\u00f3n de lenguajes propios y formas de mostrar todo aquello que las miradas dominantes pretenden dejar fuera de campo&#8221;.<\/p>\n<p>Albertina Carri cuenta con una amplia trayectoria como directora, guionista, productora y activista feminista. Formada como guionista en la Fundaci\u00f3n Universidad del Cine de Buenos Aires, ha realizado m\u00e1s de media docena de cortometrajes, como Excursiones, Aurora, Historias de Argentina en vivo y Barbie tambi\u00e9n puede estar triste (todos en 2001), Fama (2003), De vuelta (2004) o Restos (2010), entre muchos otros.<\/p>\n<p>Tras su primer largometraje, No quiero volver a casa (2000),\u00a0 seleccionado en los festivales de Rotterdam, Londres o Viena, Carri comienza un viaje en busca de aquello que nunca estuvo: su padre y su madre, Roberto y Ana Mar\u00eda, intelectuales y militantes revolucionarios, secuestrados por la dictadura militar de 1977 y desaparecidos cuando ella apenas ten\u00eda cuatro a\u00f1os. Esa b\u00fasqueda tambi\u00e9n se plasmar\u00e1 en sus siguientes largometrajes: Los rubios (2003) y la hipn\u00f3tica e intensa Cuatreros (2017).<\/p>\n<p>Junto a este viaje para comprender sus ausencias, convive una fuerte presencia de la sexualidad como espacio de libertad y autonom\u00eda frente a las normas, patrones y conductas normativas. Tanto en G\u00e9minis (2005) como en La rabia (2008), la carga sexual en las tramas es troncal para el desarrollo de la narraci\u00f3n y para la definici\u00f3n de los personajes. Pero es en Las hijas del fuego (2018) donde llega a la m\u00e1xima conexi\u00f3n entre sexualidad, cine, libertad, pol\u00edtica y feminismo. Tal como ella misma describe e insiste: se trata de pornografia lesbofeminista que persigue la reconfiguraci\u00f3n del g\u00e9nero (en multitud de acepciones posibles) y sobre todo la posibilidad de reconstruir el modo de mostrar el goce femenino, alejado de la mirada masculina que solo ans\u00eda su erotizaci\u00f3n.<\/p>\n<p>Adem\u00e1s del cine, tambi\u00e9n ha creado, junto a Marta Dillon, programas para televisi\u00f3n como: La bella Tarea, serie documental con distintos puntos de vista acerca del embarazo y parto de las mujeres; Visibles, formato documental sobre la realidad LGTBI+ argentina o la ficci\u00f3n 23 pares. Tambi\u00e9n ha sido fundadora del Festival Internacional de cine LGTBI+, Asterisco.<\/p>\n<p>Con motivo del premio honor\u00edfico, Zinegoak ha organizado un ciclo especial sobre la cinematograf\u00eda de Carri, con la proyecci\u00f3n de varias de sus obras en BilbaoArte, del 1 al 4 de marzo, durante la duraci\u00f3n del festival. As\u00ed mismo, el 27 de febrero, el d\u00eda previo a la gala de inauguraci\u00f3n, Zinegoak proyectar\u00e1 Las hijas del fuego, a las 18:30 en la Sala BBK. Albertina Carri participar\u00e1 en el coloquio junto con la periodista y activista feminista Irantzu Varela.<\/p>\n<p>[\/vc_column_text][vc_single_image image=&#8221;7024&#8243; img_size=&#8221;full&#8221; alignment=&#8221;center&#8221;][vc_column_text]<em>Fotograf\u00edas: Jetmir Idrizi.<\/em>[\/vc_column_text][\/vc_column][\/vc_row]<\/p>\n<\/div>","protected":false},"excerpt":{"rendered":"<p>[vc_row][vc_column][vc_column_text] [\/vc_column_text][\/vc_column][\/vc_row][vc_row][vc_column][vc_column_text] La cineasta y activista argentina Albertina Carri recibir\u00e1 el Premio Honor\u00edfico Zinegoak 2022 Albertina Carri recibir\u00e1 el m\u00e1ximo galard\u00f3n de Zinegoak en la gala de inauguraci\u00f3n que se celebrar\u00e1 el 28 de febrero en el teatro Arriaga. El festival ha organizado un ciclo especial sobre la obra de la directora argentina. El festival [&hellip;]<\/p>\n","protected":false},"author":1,"featured_media":7024,"comment_status":"closed","ping_status":"closed","sticky":false,"template":"","format":"standard","meta":{"footnotes":""},"categories":[3],"tags":[],"class_list":["post-7023","post","type-post","status-publish","format-standard","has-post-thumbnail","hentry","category-albisteak"],"_links":{"self":[{"href":"https:\/\/zinegoak.com\/en\/wp-json\/wp\/v2\/posts\/7023","targetHints":{"allow":["GET"]}}],"collection":[{"href":"https:\/\/zinegoak.com\/en\/wp-json\/wp\/v2\/posts"}],"about":[{"href":"https:\/\/zinegoak.com\/en\/wp-json\/wp\/v2\/types\/post"}],"author":[{"embeddable":true,"href":"https:\/\/zinegoak.com\/en\/wp-json\/wp\/v2\/users\/1"}],"replies":[{"embeddable":true,"href":"https:\/\/zinegoak.com\/en\/wp-json\/wp\/v2\/comments?post=7023"}],"version-history":[{"count":2,"href":"https:\/\/zinegoak.com\/en\/wp-json\/wp\/v2\/posts\/7023\/revisions"}],"predecessor-version":[{"id":7178,"href":"https:\/\/zinegoak.com\/en\/wp-json\/wp\/v2\/posts\/7023\/revisions\/7178"}],"wp:featuredmedia":[{"embeddable":true,"href":"https:\/\/zinegoak.com\/en\/wp-json\/wp\/v2\/media\/7024"}],"wp:attachment":[{"href":"https:\/\/zinegoak.com\/en\/wp-json\/wp\/v2\/media?parent=7023"}],"wp:term":[{"taxonomy":"category","embeddable":true,"href":"https:\/\/zinegoak.com\/en\/wp-json\/wp\/v2\/categories?post=7023"},{"taxonomy":"post_tag","embeddable":true,"href":"https:\/\/zinegoak.com\/en\/wp-json\/wp\/v2\/tags?post=7023"}],"curies":[{"name":"wp","href":"https:\/\/api.w.org\/{rel}","templated":true}]}}