{"id":7144,"date":"2022-02-08T11:46:50","date_gmt":"2022-02-08T10:46:50","guid":{"rendered":"https:\/\/zinegoak.com\/?p=7144"},"modified":"2022-02-09T17:39:54","modified_gmt":"2022-02-09T16:39:54","slug":"proyecciones-coloquios-y-concierto-especial-en-el-3-2-1-zinegoak","status":"publish","type":"post","link":"https:\/\/zinegoak.com\/en\/proyecciones-coloquios-y-concierto-especial-en-el-3-2-1-zinegoak\/","title":{"rendered":"Proyecciones, coloquios y concierto especial en el &#8220;3, 2, 1&#8230; Zinegoak!&#8221;"},"content":{"rendered":"<div class=\"wpb-content-wrapper\"><p>[vc_row][vc_column][vc_single_image image=&#8221;7147&#8243; img_size=&#8221;full&#8221; alignment=&#8221;center&#8221;][vc_column_text]<\/p>\n<h1>Proyecciones, coloquios y concierto especial en el &#8220;3, 2, 1&#8230; Zinegoak!&#8221;<\/h1>\n<p>La 19 edici\u00f3n de Zinegoak comenzar\u00e1 el pr\u00f3ximo 28 de febrero, con la gala de inauguraci\u00f3n que se celebrar\u00e1 en el teatro Arriaga. Pero al igual que en las anteriores ediciones, el festival organizar\u00e1 varias actividades previas, en el marco del pre-festival \u201c3, 2, 1\u2026 Zinegoak!\u201d, todas ellas gratuitas, del 25 al 28 de febrero.<\/p>\n<p>El primer d\u00eda, viernes 25 de febrero, disfrutaremos del documental <em>Mapplethorpe, look at the pictures<\/em> en el auditorio del Museo Guggenheim, a las 18:00. Dirigido por Randy Barbato y Fenton Bailey en 2016, este documental relata los aspectos m\u00e1s personales de Mapplethorpe, dando voz a su propia familia. As\u00ed mismo, tambi\u00e9n descubre el Nueva York m\u00e1s trepidante y arriesgado de los a\u00f1os 60-70.<\/p>\n<p>Las entradas se pueden recoger en la web y en taquilla del Museo Guggenheim Bilbao: <a href=\"https:\/\/tickets.guggenheim-bilbao.eus\/es\/396-actividades\/2731-321-zinegoak-proyeccion-robert-mapplethorpe\/info\">https:\/\/tickets.guggenheim-bilbao.eus\/es\/396-actividades\/2731-321-zinegoak-proyeccion-robert-mapplethorpe\/info<\/a>. Iniciativa enmarcada en el programa Toparte.<\/p>\n<p>El s\u00e1bado 26 de febrero contaremos con dos actividades. A las 12:00 en Bilborock se celebrar\u00e1 el coloquio y recital relacionado con el proyecto &#8220;Nola esan \/ izan bollera euskaraz&#8221;, impulsado por la profesora de literatura Amaia \u00c1lvarez Uria y la periodista June Fern\u00e1ndez. Este proyecto inspira la imagen gr\u00e1fica de Zinegoak de este a\u00f1o, y al coloquio acudir\u00e1n Itxaro Borda, Amaia Agirre, Ainhoa G\u00fcemes y Ana Jaka.<\/p>\n<p>Por la tarde tambi\u00e9n en Bilborock, se proyectar\u00e1 el cortometraje &#8220;Barbie tambi\u00e9n puede estar triste&#8221; dirigido por la cineasta argentina Albertina Carri, Premio Honor\u00edfico de Zinegoak 2022. Despu\u00e9s comenzar\u00e1 el espect\u00e1culo &#8220;Ez amour ezta toujours&#8221;, un paseo cr\u00edtico y divertido por canciones que creemos conocer, pero que nos hab\u00edan enga\u00f1ado con violencia y patriarcado. Ser\u00e1 un cruce entre el cabaret, el concierto y la conciencia feminista, en el que participar\u00e1n Irantzu Varela, Aranzazu Calleja, Cris Lizarraga, Maite Arroitajauregi &#8216;Mursego&#8217;, Esther Lopez y Actea Jimenez.<\/p>\n<p>El \u00faltimo d\u00eda, como ya es tradici\u00f3n, se celebrar\u00e1 una proyecci\u00f3n relacionada con el Premio Honor\u00edfico de Zinegoak. A las 18:30 en Bilborock se proyectar\u00e1 la pel\u00edcula <em>Las Hijas del Fuego<\/em>, que tal como la describe Albertina Carri, se trata de &#8220;pornograf\u00eda lesbofeminista que persigue la reconfiguraci\u00f3n del g\u00e9nero (en multitud de acepciones posibles) y sobre todo la posibilidad de reconstruir el modo de mostrar el goce femenino, alejado de la mirada masculina que solo ans\u00eda su erotizaci\u00f3n&#8221;. Previamente a la proyecci\u00f3n se celebrar\u00e1 un coloquio entre la directora argentina y la periodista Irantzu Varela.<\/p>\n<p>[\/vc_column_text][\/vc_column][\/vc_row]<\/p>\n<\/div>","protected":false},"excerpt":{"rendered":"<p>[vc_row][vc_column][vc_single_image image=&#8221;7147&#8243; img_size=&#8221;full&#8221; alignment=&#8221;center&#8221;][vc_column_text] Proyecciones, coloquios y concierto especial en el &#8220;3, 2, 1&#8230; Zinegoak!&#8221; La 19 edici\u00f3n de Zinegoak comenzar\u00e1 el pr\u00f3ximo 28 de febrero, con la gala de inauguraci\u00f3n que se celebrar\u00e1 en el teatro Arriaga. Pero al igual que en las anteriores ediciones, el festival organizar\u00e1 varias actividades previas, en el marco [&hellip;]<\/p>\n","protected":false},"author":1,"featured_media":7145,"comment_status":"closed","ping_status":"closed","sticky":false,"template":"","format":"standard","meta":{"footnotes":""},"categories":[3],"tags":[],"class_list":["post-7144","post","type-post","status-publish","format-standard","has-post-thumbnail","hentry","category-albisteak"],"_links":{"self":[{"href":"https:\/\/zinegoak.com\/en\/wp-json\/wp\/v2\/posts\/7144","targetHints":{"allow":["GET"]}}],"collection":[{"href":"https:\/\/zinegoak.com\/en\/wp-json\/wp\/v2\/posts"}],"about":[{"href":"https:\/\/zinegoak.com\/en\/wp-json\/wp\/v2\/types\/post"}],"author":[{"embeddable":true,"href":"https:\/\/zinegoak.com\/en\/wp-json\/wp\/v2\/users\/1"}],"replies":[{"embeddable":true,"href":"https:\/\/zinegoak.com\/en\/wp-json\/wp\/v2\/comments?post=7144"}],"version-history":[{"count":3,"href":"https:\/\/zinegoak.com\/en\/wp-json\/wp\/v2\/posts\/7144\/revisions"}],"predecessor-version":[{"id":7177,"href":"https:\/\/zinegoak.com\/en\/wp-json\/wp\/v2\/posts\/7144\/revisions\/7177"}],"wp:featuredmedia":[{"embeddable":true,"href":"https:\/\/zinegoak.com\/en\/wp-json\/wp\/v2\/media\/7145"}],"wp:attachment":[{"href":"https:\/\/zinegoak.com\/en\/wp-json\/wp\/v2\/media?parent=7144"}],"wp:term":[{"taxonomy":"category","embeddable":true,"href":"https:\/\/zinegoak.com\/en\/wp-json\/wp\/v2\/categories?post=7144"},{"taxonomy":"post_tag","embeddable":true,"href":"https:\/\/zinegoak.com\/en\/wp-json\/wp\/v2\/tags?post=7144"}],"curies":[{"name":"wp","href":"https:\/\/api.w.org\/{rel}","templated":true}]}}