{"id":8142,"date":"2022-12-20T10:34:02","date_gmt":"2022-12-20T09:34:02","guid":{"rendered":"https:\/\/zinegoak.com\/?p=8142"},"modified":"2023-05-04T18:25:21","modified_gmt":"2023-05-04T16:25:21","slug":"zinegoak-celebrara-su-20-aniversario-en-junio-de-2023","status":"publish","type":"post","link":"https:\/\/zinegoak.com\/en\/zinegoak-celebrara-su-20-aniversario-en-junio-de-2023\/","title":{"rendered":"Zinegoak celebrar\u00e1 su 20 aniversario en junio de 2023"},"content":{"rendered":"<p><\/p>\n<h1><strong>Zinegoak celebrar\u00e1 su 20 aniversario en junio de 2023<\/strong><\/h1>\n<p><a href=\"https:\/\/zinegoak.com\/wp-content\/uploads\/2022\/12\/ZINEGOAK_FB-1.jpg\"><img loading=\"lazy\" decoding=\"async\" class=\"aligncenter size-full wp-image-8146\" src=\"https:\/\/zinegoak.com\/wp-content\/uploads\/2022\/12\/ZINEGOAK_FB-1.jpg\" alt=\"\" width=\"851\" height=\"315\" srcset=\"https:\/\/zinegoak.com\/wp-content\/uploads\/2022\/12\/ZINEGOAK_FB-1.jpg 851w, https:\/\/zinegoak.com\/wp-content\/uploads\/2022\/12\/ZINEGOAK_FB-1-300x111.jpg 300w, https:\/\/zinegoak.com\/wp-content\/uploads\/2022\/12\/ZINEGOAK_FB-1-768x284.jpg 768w\" sizes=\"auto, (max-width: 851px) 100vw, 851px\" \/><\/a><\/p>\n<p>Zinegoak, el festival de cine y artes esc\u00e9nicas LGTBIQ+ de Bilbao, celebrar\u00e1 su 20 aniversario con varias novedades. Por primera vez, el festival se traslada de fechas y se celebrar\u00e1 en el mes de junio (en lugar de en febrero y marzo como hasta ahora). De este modo, Zinegoak se sumar\u00e1 a las reivindicaciones del 28J, y organizar\u00e1 un programa cultural por toda la ciudad del 26 de junio al 3 de julio: proyecciones de pel\u00edculas, obras de teatro, espacios de reflexi\u00f3n, debates, encuentros, charlas y alguna fiesta. Zinegoak arrancar\u00e1 un a\u00f1o m\u00e1s con la gala de inauguraci\u00f3n del festival, en el Teatro Arriaga, y el resto de actividades se celebrar\u00e1 en las sedes habituales del festival.<\/p>\n<p>En junio, por lo tanto, contaremos con una cita indispensable para quienes quieran disfrutar de una variada selecci\u00f3n de buen cine y actividades culturales en torno a la diversidad sexual, de identidad y g\u00e9nero. As\u00ed mismo, la extensi\u00f3n de Zinegoak, en la que ya participan m\u00e1s de 50 municipios de Araba, Bizkaia, Gipuzkoa y Nafarroa, se celebrar\u00e1 entre los meses de mayo, junio y julio.<\/p>\n<p>Adem\u00e1s, Zinegoak ha iniciado tambi\u00e9n una ronda de contactos con diversas instituciones y entidades con el objetivo de buscar apoyos para el festival de cara a su 20 aniversario y tambi\u00e9n a futuras ediciones.<\/p>\n<p>Zinegoak se cre\u00f3 en 2004 como herramienta de sensibilizaci\u00f3n a trav\u00e9s de la cultura, el cine y las artes esc\u00e9nicas y a lo largo de sus 20 a\u00f1os de trayectoria, Zinegoak se ha convertido en toda una referencia entre los eventos cinematogr\u00e1ficos y esc\u00e9nicos de tem\u00e1tica LGTBIQ+, aumentando su p\u00fablico en cada edici\u00f3n tal y como ocurri\u00f3 en el 2022 donde m\u00e1s de 35.000 personas accedieron a sus actividades tanto presenciales como virtuales.<\/p>\n<p>&nbsp;<\/p>\n<p>&nbsp;<\/p>","protected":false},"excerpt":{"rendered":"<p>Zinegoak celebrar\u00e1 su 20 aniversario en junio de 2023 Zinegoak, el festival de cine y artes esc\u00e9nicas LGTBIQ+ de Bilbao, celebrar\u00e1 su 20 aniversario con varias novedades. Por primera vez, el festival se traslada de fechas y se celebrar\u00e1 en el mes de junio (en lugar de en febrero y marzo como hasta ahora). De [&hellip;]<\/p>\n","protected":false},"author":1,"featured_media":8147,"comment_status":"closed","ping_status":"closed","sticky":false,"template":"","format":"standard","meta":{"footnotes":""},"categories":[3],"tags":[],"class_list":["post-8142","post","type-post","status-publish","format-standard","has-post-thumbnail","hentry","category-albisteak"],"_links":{"self":[{"href":"https:\/\/zinegoak.com\/en\/wp-json\/wp\/v2\/posts\/8142","targetHints":{"allow":["GET"]}}],"collection":[{"href":"https:\/\/zinegoak.com\/en\/wp-json\/wp\/v2\/posts"}],"about":[{"href":"https:\/\/zinegoak.com\/en\/wp-json\/wp\/v2\/types\/post"}],"author":[{"embeddable":true,"href":"https:\/\/zinegoak.com\/en\/wp-json\/wp\/v2\/users\/1"}],"replies":[{"embeddable":true,"href":"https:\/\/zinegoak.com\/en\/wp-json\/wp\/v2\/comments?post=8142"}],"version-history":[{"count":5,"href":"https:\/\/zinegoak.com\/en\/wp-json\/wp\/v2\/posts\/8142\/revisions"}],"predecessor-version":[{"id":8591,"href":"https:\/\/zinegoak.com\/en\/wp-json\/wp\/v2\/posts\/8142\/revisions\/8591"}],"wp:featuredmedia":[{"embeddable":true,"href":"https:\/\/zinegoak.com\/en\/wp-json\/wp\/v2\/media\/8147"}],"wp:attachment":[{"href":"https:\/\/zinegoak.com\/en\/wp-json\/wp\/v2\/media?parent=8142"}],"wp:term":[{"taxonomy":"category","embeddable":true,"href":"https:\/\/zinegoak.com\/en\/wp-json\/wp\/v2\/categories?post=8142"},{"taxonomy":"post_tag","embeddable":true,"href":"https:\/\/zinegoak.com\/en\/wp-json\/wp\/v2\/tags?post=8142"}],"curies":[{"name":"wp","href":"https:\/\/api.w.org\/{rel}","templated":true}]}}