{"id":8336,"date":"2023-03-27T12:19:44","date_gmt":"2023-03-27T10:19:44","guid":{"rendered":"https:\/\/zinegoak.com\/?p=8336"},"modified":"2023-03-27T12:21:31","modified_gmt":"2023-03-27T10:21:31","slug":"un-centenar-de-jovenes-de-3o-y-4o-de-la-eso-han-tomado-parte-en-la-segunda-edicion-de-zinegogoak-portugalete","status":"publish","type":"post","link":"https:\/\/zinegoak.com\/en\/un-centenar-de-jovenes-de-3o-y-4o-de-la-eso-han-tomado-parte-en-la-segunda-edicion-de-zinegogoak-portugalete\/","title":{"rendered":"Un centenar de j\u00f3venes de 3\u00ba y 4\u00ba de la ESO han tomado parte en la segunda edici\u00f3n de ZINEGOGOAK Portugalete"},"content":{"rendered":"<div class=\"wpb-content-wrapper\"><p>[vc_row][vc_column][vc_column_text]<\/p>\n<h1>Un centenar de j\u00f3venes de 3\u00ba y 4\u00ba de la ESO han tomado parte en la segunda edici\u00f3n de ZINEGOGOAK Portugalete<\/h1>\n<p>[\/vc_column_text][vc_column_text]Zinegoak Elkartea y Gazteria Portugalete han puesto en marcha la segunda edici\u00f3n de ZineGogoak, una herramienta de sensibilizaci\u00f3n y de reivindicaci\u00f3n de la diversidad. Esta iniciativa educativa ofrece la posibilidad de comprender mejor todas las cuestiones relacionadas con la diversidad sexual, de identidad y de g\u00e9nero, y de aprender los elementos b\u00e1sicos del lenguaje audiovisual.<\/p>\n<p>ZINEGOGOAK Portugalete se ha desarrollado los d\u00edas 23 y 24 de marzo en los cines Dock del Centro Comercial Ballonti. En las dos sesiones de cine matinales, se han proyectado una serie de cortometrajes de tem\u00e1tica LGTBI y posteriormente una persona experta en sexualidad ha llevado a cabo una dinamizaci\u00f3n con el alumnado.<\/p>\n<p>Adem\u00e1s, hemos contado con la participaci\u00f3n del director del cortometraje &#8220;Arnasa\u201d, Ra\u00fal Barreras, que ha podido dar a conocer de primera mano el proceso creativo de su cortometraje y ha respondido las preguntas que surg\u00edan en el p\u00fablico.<\/p>\n<p>[\/vc_column_text][vc_row_inner][vc_column_inner width=&#8221;1\/2&#8243;][vc_single_image image=&#8221;8339&#8243; img_size=&#8221;full&#8221;][\/vc_column_inner][vc_column_inner width=&#8221;1\/2&#8243;][vc_single_image image=&#8221;8340&#8243; img_size=&#8221;full&#8221;][\/vc_column_inner][\/vc_row_inner][\/vc_column][\/vc_row]<\/p>\n<\/div>","protected":false},"excerpt":{"rendered":"<p>[vc_row][vc_column][vc_column_text] Un centenar de j\u00f3venes de 3\u00ba y 4\u00ba de la ESO han tomado parte en la segunda edici\u00f3n de ZINEGOGOAK Portugalete [\/vc_column_text][vc_column_text]Zinegoak Elkartea y Gazteria Portugalete han puesto en marcha la segunda edici\u00f3n de ZineGogoak, una herramienta de sensibilizaci\u00f3n y de reivindicaci\u00f3n de la diversidad. Esta iniciativa educativa ofrece la posibilidad de comprender mejor [&hellip;]<\/p>\n","protected":false},"author":1,"featured_media":8337,"comment_status":"closed","ping_status":"closed","sticky":false,"template":"","format":"standard","meta":{"footnotes":""},"categories":[3],"tags":[],"class_list":["post-8336","post","type-post","status-publish","format-standard","has-post-thumbnail","hentry","category-albisteak"],"_links":{"self":[{"href":"https:\/\/zinegoak.com\/en\/wp-json\/wp\/v2\/posts\/8336","targetHints":{"allow":["GET"]}}],"collection":[{"href":"https:\/\/zinegoak.com\/en\/wp-json\/wp\/v2\/posts"}],"about":[{"href":"https:\/\/zinegoak.com\/en\/wp-json\/wp\/v2\/types\/post"}],"author":[{"embeddable":true,"href":"https:\/\/zinegoak.com\/en\/wp-json\/wp\/v2\/users\/1"}],"replies":[{"embeddable":true,"href":"https:\/\/zinegoak.com\/en\/wp-json\/wp\/v2\/comments?post=8336"}],"version-history":[{"count":4,"href":"https:\/\/zinegoak.com\/en\/wp-json\/wp\/v2\/posts\/8336\/revisions"}],"predecessor-version":[{"id":8343,"href":"https:\/\/zinegoak.com\/en\/wp-json\/wp\/v2\/posts\/8336\/revisions\/8343"}],"wp:featuredmedia":[{"embeddable":true,"href":"https:\/\/zinegoak.com\/en\/wp-json\/wp\/v2\/media\/8337"}],"wp:attachment":[{"href":"https:\/\/zinegoak.com\/en\/wp-json\/wp\/v2\/media?parent=8336"}],"wp:term":[{"taxonomy":"category","embeddable":true,"href":"https:\/\/zinegoak.com\/en\/wp-json\/wp\/v2\/categories?post=8336"},{"taxonomy":"post_tag","embeddable":true,"href":"https:\/\/zinegoak.com\/en\/wp-json\/wp\/v2\/tags?post=8336"}],"curies":[{"name":"wp","href":"https:\/\/api.w.org\/{rel}","templated":true}]}}