{"id":8791,"date":"2023-06-02T10:19:50","date_gmt":"2023-06-02T08:19:50","guid":{"rendered":"https:\/\/zinegoak.com\/?p=8791"},"modified":"2023-06-02T10:21:58","modified_gmt":"2023-06-02T08:21:58","slug":"relacion-de-cortometrajes-seleccionados-en-zinegoak-2023","status":"publish","type":"post","link":"https:\/\/zinegoak.com\/en\/relacion-de-cortometrajes-seleccionados-en-zinegoak-2023\/","title":{"rendered":"Relaci\u00f3n de cortometrajes seleccionados en Zinegoak 2023"},"content":{"rendered":"<div class=\"wpb-content-wrapper\"><p>[vc_row][vc_column][vc_single_image image=&#8221;8792&#8243; img_size=&#8221;full&#8221; alignment=&#8221;center&#8221;][vc_column_text]<\/p>\n<h1><strong>Relaci\u00f3n de cortometrajes seleccionados en Zinegoak 2023<\/strong><\/h1>\n<p>En la presente edici\u00f3n de Zinegoak volveremos a disfrutar de una amplia selecci\u00f3n de cortometrajes, provenientes de distintas partes del mundo, as\u00ed como producciones locales.<\/p>\n<p>En secci\u00f3n oficial contaremos con 25 cortometrajes, seleccionados en las categor\u00edas habituales de &#8220;Mujeres Directoras&#8221; e &#8220;Infancia y Adolescencia&#8221;, y dos nuevas categor\u00edas: &#8220;TBIQ+&#8221; y &#8220;V\u00ednculos primarios&#8221;. Adem\u00e1s en la categor\u00eda &#8220;Erroak&#8221;, fuera de competici\u00f3n oficial, se proyectar\u00e1n cinco cortometrajes producidos en Euskal Herria.<\/p>\n<p>&nbsp;<\/p>\n<p>La relaci\u00f3n por categor\u00edas es la siguiente:<\/p>\n<p><strong>MUJERES DIRECTORAS \/ EMAKUME ZUZENDARIAK<\/strong><\/p>\n<p>Irrits &#8211; Maider Oleaga<\/p>\n<p>Son &#8211; Marta Nieto<\/p>\n<p>Warsha &#8211; Dania Bdeir<\/p>\n<p>Amy&amp;May &#8211; Catherina Losifidis<\/p>\n<p>Perpetua Felicidad &#8211; Isa Luengo, Sofia Esteve<\/p>\n<p>Fence &#8211; Hilke R\u00f6nnfeldt<\/p>\n<p>&nbsp;<\/p>\n<p><strong>INFANCIA &#8211; ADOLESCENCIA \/ HAURTZAROA &#8211; NERABEZAROA<\/strong><\/p>\n<p>Foster &#8211; Jordi Wijnalda<\/p>\n<p>Rosa &#8211; Ferr\u00e1n Navarro-Beltr\u00e1n<\/p>\n<p>Ya ne boyus &#8211; Vladimir Bek<\/p>\n<p>Crudo &#8211; Rafael Mart\u00ednez Calle<\/p>\n<p>Adore &#8211; Beth Warrian<\/p>\n<p>Girls &amp; the party &#8211; Paloma Lopez<\/p>\n<p>Its a Gray, Gray World &#8211; Seyed Mohsen Pourmohseni Shakib<\/p>\n<p>&nbsp;<\/p>\n<p><strong>TBIQ+<\/strong><\/p>\n<p>Se receta silencio &#8211; Miquel Misse<\/p>\n<p>Nosotres, les otres &#8211; Mato Torga Araya<\/p>\n<p>Required reading &#8211; Iniyavan Elumalai<\/p>\n<p>Dating Internet Extrangers &#8211; Eduardo Wahrhaftig<\/p>\n<p>Desviaci\u00f3n t\u00edpica &#8211; Paco Ruiz<\/p>\n<p>Dos corazones &#8211; Cristina Herrero Laborda<\/p>\n<p>&nbsp;<\/p>\n<p><strong>V\u00cdNCULOS PRIMARIOS \/ LOTURA PRIMARIOAK<\/strong><\/p>\n<p>Neuzeit (Boom and Bloom) &#8211; Stefan Langthaler<\/p>\n<p>As\u00ed en la tierra como en el cielo &#8211; Mireya Mart\u00ednez<\/p>\n<p>Las criaturas se derriten bajo el sol &#8211; Diego C\u00e9spedes<\/p>\n<p>Palvelus &#8211; Mikko M\u00e4kel\u00e4<\/p>\n<p>Mi vida al principio &#8211; Ana Puentes<\/p>\n<p>Arnasa &#8211; Raul Barreras<\/p>\n<p>&nbsp;<\/p>\n<p><strong>ERROAK<\/strong><\/p>\n<p>Lo que nos queda &#8211; Rosa Caldito eta Anne Dobaran<\/p>\n<p>Nola ikasi euskara &#8211; Juan Esteban Montoya<\/p>\n<p>Gauero &#8211; I\u00f1igo Alkorta<\/p>\n<p>Ezohikoak &#8211; Alejandra Bueno<\/p>\n<p>Txotxongiloa &#8211; Sonia Estevez<\/p>\n<p><strong>\u00a0<\/strong>[\/vc_column_text][\/vc_column][\/vc_row]<\/p>\n<\/div>","protected":false},"excerpt":{"rendered":"<p>[vc_row][vc_column][vc_single_image image=&#8221;8792&#8243; img_size=&#8221;full&#8221; alignment=&#8221;center&#8221;][vc_column_text] Relaci\u00f3n de cortometrajes seleccionados en Zinegoak 2023 En la presente edici\u00f3n de Zinegoak volveremos a disfrutar de una amplia selecci\u00f3n de cortometrajes, provenientes de distintas partes del mundo, as\u00ed como producciones locales. En secci\u00f3n oficial contaremos con 25 cortometrajes, seleccionados en las categor\u00edas habituales de &#8220;Mujeres Directoras&#8221; e &#8220;Infancia y Adolescencia&#8221;, [&hellip;]<\/p>\n","protected":false},"author":1,"featured_media":8792,"comment_status":"closed","ping_status":"closed","sticky":false,"template":"","format":"standard","meta":{"footnotes":""},"categories":[3],"tags":[],"class_list":["post-8791","post","type-post","status-publish","format-standard","has-post-thumbnail","hentry","category-albisteak"],"_links":{"self":[{"href":"https:\/\/zinegoak.com\/en\/wp-json\/wp\/v2\/posts\/8791","targetHints":{"allow":["GET"]}}],"collection":[{"href":"https:\/\/zinegoak.com\/en\/wp-json\/wp\/v2\/posts"}],"about":[{"href":"https:\/\/zinegoak.com\/en\/wp-json\/wp\/v2\/types\/post"}],"author":[{"embeddable":true,"href":"https:\/\/zinegoak.com\/en\/wp-json\/wp\/v2\/users\/1"}],"replies":[{"embeddable":true,"href":"https:\/\/zinegoak.com\/en\/wp-json\/wp\/v2\/comments?post=8791"}],"version-history":[{"count":5,"href":"https:\/\/zinegoak.com\/en\/wp-json\/wp\/v2\/posts\/8791\/revisions"}],"predecessor-version":[{"id":8797,"href":"https:\/\/zinegoak.com\/en\/wp-json\/wp\/v2\/posts\/8791\/revisions\/8797"}],"wp:featuredmedia":[{"embeddable":true,"href":"https:\/\/zinegoak.com\/en\/wp-json\/wp\/v2\/media\/8792"}],"wp:attachment":[{"href":"https:\/\/zinegoak.com\/en\/wp-json\/wp\/v2\/media?parent=8791"}],"wp:term":[{"taxonomy":"category","embeddable":true,"href":"https:\/\/zinegoak.com\/en\/wp-json\/wp\/v2\/categories?post=8791"},{"taxonomy":"post_tag","embeddable":true,"href":"https:\/\/zinegoak.com\/en\/wp-json\/wp\/v2\/tags?post=8791"}],"curies":[{"name":"wp","href":"https:\/\/api.w.org\/{rel}","templated":true}]}}