{"id":8883,"date":"2023-06-09T11:09:31","date_gmt":"2023-06-09T09:09:31","guid":{"rendered":"https:\/\/zinegoak.com\/?p=8883"},"modified":"2023-06-09T11:11:17","modified_gmt":"2023-06-09T09:11:17","slug":"proyecciones-artes-escenicas-fiestas-y-coloquios-en-el-3-2-1-zinegoak-del-23-al-25-de-junio","status":"publish","type":"post","link":"https:\/\/zinegoak.com\/en\/proyecciones-artes-escenicas-fiestas-y-coloquios-en-el-3-2-1-zinegoak-del-23-al-25-de-junio\/","title":{"rendered":"Proyecciones, artes esc\u00e9nicas, fiestas y coloquios en el &#8220;3, 2, 1&#8230; Zinegoak!&#8221;, del 23 al 25 de junio"},"content":{"rendered":"<div class=\"wpb-content-wrapper\"><p>[vc_row][vc_column][vc_single_image image=&#8221;8884&#8243; img_size=&#8221;full&#8221; alignment=&#8221;center&#8221;][vc_column_text]<\/p>\n<h1>Proyecciones, artes esc\u00e9nicas, fiestas y coloquios en el &#8220;3, 2, 1&#8230; Zinegoak!&#8221;, del 23 al 25 de junio<\/h1>\n<p>Zinegoak celebrar\u00e1 la gala de inauguraci\u00f3n de la XX edici\u00f3n del festival el pr\u00f3ximo 26 de junio, en el Teatro Arriaga, como es habitual, dando comienzo a una semana repleta de actividades. Previamente al comienzo oficial del festival, el fin de semana del 23 al 25 de junio, se celebrar\u00e1 el pre-festival &#8220;3, 2, 1&#8230; Zinegoak!&#8221;, para ir calentando motores.<\/p>\n<p>La primera actividad comenzar\u00e1 el viernes 23 en el Museo Guggenheim, con la proyecci\u00f3n del documental-ensayo <em>Brainwashed<\/em>: <em>Sexo, c\u00e1mara y poder,<\/em> de la cineasta independendiente Nina Menkes, en la que la directora realiza un an\u00e1lisis sobre sobre la mirada masculina en la historia del cine, desde el cine mudo hasta nuestros d\u00edas.<\/p>\n<p>El documental reflexiona y denuncia la sexualizaci\u00f3n de la mujer en el cine y las posibles consecuencias que esto provoca sobre el imaginario colectivo y la sociedad en su conjunto. La sesi\u00f3n comenzar\u00e1 a las 18:30, con entrada gratuita (se pueden recoger ya en la taquilla del museo o en la web www.guggenheim-bilbao.eus).<\/p>\n<p>Para el s\u00e1bado 24 Zinegoak ha organizado un programa completo de todo el d\u00eda. A las 12:30 celebraremos un Bilgune en La Sinsorga, con el estreno del documental <em>Queer (Un)Belongings<\/em>, dirigido por Eszter Katalin, con la producci\u00f3n de Histeria y Zinegoak. Se trata de un proyecto de investigaci\u00f3n a partir de entrevistas con cuatro personas que trabajan en el \u00e1mbito cultural -Gerri Cruz, Atic H. Deba, Camila T\u00e9llez y Ana\u00eds C\u00f3rdova-P\u00e1ez- que viven en Euskal Herria, se identifican como LGBTQ+ y han vivido diferentes historias de migraci\u00f3n. Despu\u00e9s de la proyecci\u00f3n se celebrar\u00e1 un coloquio.<\/p>\n<p>&nbsp;<\/p>\n<p>Por la tarde, a las 19:30 en Bilborock, contaremos con otro estreno: la obra de teatro &#8220;Gure garaian&#8221;, de la mano de Dantzerti y Musikene. Bajo la direcci\u00f3n de Matxalen de Pedro, esta obra est\u00e1 basada en el proyecto &#8220;Gu ere bagara&#8221; impulsado por In\u00e9s Bermejo y Julen Nafarrate, que recopil\u00f3 testimonios de personas mayores LGTBIQ+ de Getxo. Al d\u00eda siguiente podr\u00e1 verse tambi\u00e9n en una segunda sesi\u00f3n que se celebrar\u00e1 en Romo Kultur Etxea, en Getxo.<\/p>\n<p>Para finalizar la jornada del s\u00e1bado, Bira Kulturgunea acoger\u00e1 a las 20:30 la presentaci\u00f3n de &#8220;BIZI. Bisexualitatea eta euskal komunitatea&#8221;, con el objetivo de unir y fortalecer la comunidad bisexual euskaldun. Se proyectar\u00e1n varios testimonios y posteriormente contaremos con la actuaci\u00f3n musical de Miren Narbaiza, La Furia, DJ Eromena y DJ Cliz.<\/p>\n<p>Por \u00faltimo, el domingo a las 18:30 en Bilborock Zinegoak ha organizado un coloquio con la directora oaxaque\u00f1a \u00c1ngeles Cruz, Premio Honor\u00edfico de la presente edici\u00f3n del festival, y la periodista Irantzu Varela. Para finalizar, se proyectar\u00e1n tres cortometrajes de Cruz: \u201cLa tiricia o c\u00f3mo curar la tristeza\u201d, \u201cLa carta\u201d y \u201cArc\u00e1ngel\u201d.<\/p>\n<p>Todas las actividades del &#8220;3, 2, 1&#8230; Zinegoak!&#8221; son gratuitas.<\/p>\n<p>23 de junio 18:30 Guggenheim Bilbao Museoa. Proyecci\u00f3n: <em>Brainwashed<\/em>: <em>Sexo, c\u00e1mara y poder.<\/em><\/p>\n<p>24 de junio 12:30 La Sinsorga. Proyecci\u00f3n y coloquio: <em>Queer (Un)Belongings.<\/em><\/p>\n<p>24 de junio 19:30 Bilborock. Artes esc\u00e9nicas. Gure garaian.<\/p>\n<p>24 de junio 20:30 Bira Kulturgunea. Presentaci\u00f3n + fiesta BIZI. Bisexualitatea eta euskal komunitatea.<\/p>\n<p>25 de junio 18:30 Proyecci\u00f3n y coloquio. \u00c1ngeles Cruz e Irantzu Varela.[\/vc_column_text][\/vc_column][\/vc_row]<\/p>\n<\/div>","protected":false},"excerpt":{"rendered":"<p>[vc_row][vc_column][vc_single_image image=&#8221;8884&#8243; img_size=&#8221;full&#8221; alignment=&#8221;center&#8221;][vc_column_text] Proyecciones, artes esc\u00e9nicas, fiestas y coloquios en el &#8220;3, 2, 1&#8230; Zinegoak!&#8221;, del 23 al 25 de junio Zinegoak celebrar\u00e1 la gala de inauguraci\u00f3n de la XX edici\u00f3n del festival el pr\u00f3ximo 26 de junio, en el Teatro Arriaga, como es habitual, dando comienzo a una semana repleta de actividades. Previamente [&hellip;]<\/p>\n","protected":false},"author":1,"featured_media":8884,"comment_status":"closed","ping_status":"closed","sticky":false,"template":"","format":"standard","meta":{"footnotes":""},"categories":[3],"tags":[],"class_list":["post-8883","post","type-post","status-publish","format-standard","has-post-thumbnail","hentry","category-albisteak"],"_links":{"self":[{"href":"https:\/\/zinegoak.com\/en\/wp-json\/wp\/v2\/posts\/8883","targetHints":{"allow":["GET"]}}],"collection":[{"href":"https:\/\/zinegoak.com\/en\/wp-json\/wp\/v2\/posts"}],"about":[{"href":"https:\/\/zinegoak.com\/en\/wp-json\/wp\/v2\/types\/post"}],"author":[{"embeddable":true,"href":"https:\/\/zinegoak.com\/en\/wp-json\/wp\/v2\/users\/1"}],"replies":[{"embeddable":true,"href":"https:\/\/zinegoak.com\/en\/wp-json\/wp\/v2\/comments?post=8883"}],"version-history":[{"count":3,"href":"https:\/\/zinegoak.com\/en\/wp-json\/wp\/v2\/posts\/8883\/revisions"}],"predecessor-version":[{"id":8887,"href":"https:\/\/zinegoak.com\/en\/wp-json\/wp\/v2\/posts\/8883\/revisions\/8887"}],"wp:featuredmedia":[{"embeddable":true,"href":"https:\/\/zinegoak.com\/en\/wp-json\/wp\/v2\/media\/8884"}],"wp:attachment":[{"href":"https:\/\/zinegoak.com\/en\/wp-json\/wp\/v2\/media?parent=8883"}],"wp:term":[{"taxonomy":"category","embeddable":true,"href":"https:\/\/zinegoak.com\/en\/wp-json\/wp\/v2\/categories?post=8883"},{"taxonomy":"post_tag","embeddable":true,"href":"https:\/\/zinegoak.com\/en\/wp-json\/wp\/v2\/tags?post=8883"}],"curies":[{"name":"wp","href":"https:\/\/api.w.org\/{rel}","templated":true}]}}