{"id":9399,"date":"2024-05-22T10:06:39","date_gmt":"2024-05-22T08:06:39","guid":{"rendered":"https:\/\/zinegoak.com\/?p=9399"},"modified":"2024-05-22T10:17:29","modified_gmt":"2024-05-22T08:17:29","slug":"zinegoak-2024-la-fuerza-queer-en-primer-plano","status":"publish","type":"post","link":"https:\/\/zinegoak.com\/en\/zinegoak-2024-la-fuerza-queer-en-primer-plano\/","title":{"rendered":"Zinegoak 2024: queer indarra lehen planoan"},"content":{"rendered":"<div class=\"wpb-content-wrapper\"><p>[vc_row][vc_column][vc_column_text]<\/p>\n<h1 style=\"text-align: center;\"><strong>Zinegoak 2024: la fuerza queer en primer plano<\/strong><\/h1>\n<p>[\/vc_column_text][vc_column_text]Zinegoak inicia la andadura de su nueva edici\u00f3n presentando de manera oficial el cartel que acompa\u00f1ar\u00e1 a todas sus actividades. Se trata de una ilustraci\u00f3n de gran potencia visual que a trav\u00e9s de su trazo marcado y sus bloques de color nos muestran a dos personas que encarnan la idea de utop\u00eda queer que el festival reivindica en esta edici\u00f3n de 2024.<\/p>\n<p>La artista Dom Campistron (Aldude, 1994) ha sido la encargada de plasmar ese esp\u00edritu a trav\u00e9s de esta ilustraci\u00f3n. Desde su estudio en Aldude (Nafarroa Beherea), localidad en la que naci\u00f3, Don Campistron trabaja e investiga en su propia manera de plasmar las historias que le cuentan o que imagina. Conocedora de primera mano de las complejidades que implican ser parte del colectivo LGTBIQ+, tal y como recoge en su obra \u201cBekatorosak\u201d, la artista pone al servicio de su creatividad todas esas vivencias, para crear un imaginario visual intenso, vitalista y muy poderoso.<\/p>\n<p>La inspiraci\u00f3n de la artista a la hora de realizar el cartel surgi\u00f3, tal y como ella comenta, precisamente, en una sala de cine: &#8220;Est\u00e1s haciendo cola para entrar al cine mientras est\u00e1 anocheciendo y el resto de personas de la cola se giran para mirarte. Y notas su belleza, porque t\u00fa tambi\u00e9n quisieras ser as\u00ed: libre&#8221;.<br \/>\n[\/vc_column_text][vc_single_image image=&#8221;9401&#8243; img_size=&#8221;full&#8221; alignment=&#8221;center&#8221;][vc_column_text]Esa energ\u00eda es la que esta nueva edici\u00f3n de Zinegoak pretende transmitir en su programaci\u00f3n de actividades que ser\u00e1 presentada en el mes de junio.<\/p>\n<p>\u201cQuer\u00edamos seguir indagando en la libertad de expresarse y construirse y que esa singularidad fuera la base para la construcci\u00f3n de una nueva sociedad repleta de personas diversas que se organizan, se agrupan y tejen redes para inventarse nuevas maneras de estar en el mundo\u201d comenta la directora del certamen, Alaitz Arenzana.<\/p>\n<p>Zinegoak se celebrar\u00e1 del 24 de junio al 1 de julio en varias salas y espacios de Bilbao, como son Bilborock, Golem Alh\u00f3ndiga o BilbaoArte. El 24 de junio, lunes, se celebrar\u00e1 la gala de inauguraci\u00f3n en el Teatro Arriaga, aunque el fin de semana previo se celebrar\u00e1n varias actividades complementarias en el marco del pre-festival &#8220;3, 2, 1&#8230; Zinegoak!&#8221;. Un a\u00f1o m\u00e1s, el festival contar\u00e1 con la proyecci\u00f3n de largometrajes, varios ciclos de cortometrajes, obras esc\u00e9nicas, encuentros profesionales, visita de cineastas internacionales\u2026<br \/>\n[\/vc_column_text][vc_single_image image=&#8221;9400&#8243; img_size=&#8221;full&#8221; alignment=&#8221;center&#8221;][\/vc_column][\/vc_row]<\/p>\n<\/div>","protected":false},"excerpt":{"rendered":"<p>[vc_row][vc_column][vc_column_text] Zinegoak 2024: la fuerza queer en primer plano [\/vc_column_text][vc_column_text]Zinegoak inicia la andadura de su nueva edici\u00f3n presentando de manera oficial el cartel que acompa\u00f1ar\u00e1 a todas sus actividades. Se trata de una ilustraci\u00f3n de gran potencia visual que a trav\u00e9s de su trazo marcado y sus bloques de color nos muestran a dos personas [&hellip;]<\/p>\n","protected":false},"author":1,"featured_media":9403,"comment_status":"closed","ping_status":"closed","sticky":false,"template":"","format":"standard","meta":{"footnotes":""},"categories":[3],"tags":[],"class_list":["post-9399","post","type-post","status-publish","format-standard","has-post-thumbnail","hentry","category-albisteak"],"_links":{"self":[{"href":"https:\/\/zinegoak.com\/en\/wp-json\/wp\/v2\/posts\/9399","targetHints":{"allow":["GET"]}}],"collection":[{"href":"https:\/\/zinegoak.com\/en\/wp-json\/wp\/v2\/posts"}],"about":[{"href":"https:\/\/zinegoak.com\/en\/wp-json\/wp\/v2\/types\/post"}],"author":[{"embeddable":true,"href":"https:\/\/zinegoak.com\/en\/wp-json\/wp\/v2\/users\/1"}],"replies":[{"embeddable":true,"href":"https:\/\/zinegoak.com\/en\/wp-json\/wp\/v2\/comments?post=9399"}],"version-history":[{"count":3,"href":"https:\/\/zinegoak.com\/en\/wp-json\/wp\/v2\/posts\/9399\/revisions"}],"predecessor-version":[{"id":9407,"href":"https:\/\/zinegoak.com\/en\/wp-json\/wp\/v2\/posts\/9399\/revisions\/9407"}],"wp:featuredmedia":[{"embeddable":true,"href":"https:\/\/zinegoak.com\/en\/wp-json\/wp\/v2\/media\/9403"}],"wp:attachment":[{"href":"https:\/\/zinegoak.com\/en\/wp-json\/wp\/v2\/media?parent=9399"}],"wp:term":[{"taxonomy":"category","embeddable":true,"href":"https:\/\/zinegoak.com\/en\/wp-json\/wp\/v2\/categories?post=9399"},{"taxonomy":"post_tag","embeddable":true,"href":"https:\/\/zinegoak.com\/en\/wp-json\/wp\/v2\/tags?post=9399"}],"curies":[{"name":"wp","href":"https:\/\/api.w.org\/{rel}","templated":true}]}}