{"id":9599,"date":"2024-06-04T11:06:54","date_gmt":"2024-06-04T09:06:54","guid":{"rendered":"https:\/\/zinegoak.com\/?p=9599"},"modified":"2024-06-04T11:19:59","modified_gmt":"2024-06-04T09:19:59","slug":"eus-clarisa-navas-zinegoak-2024-ohorezko-saria-nola-egin-zinema-kolektibotik","status":"publish","type":"post","link":"https:\/\/zinegoak.com\/en\/eus-clarisa-navas-zinegoak-2024-ohorezko-saria-nola-egin-zinema-kolektibotik\/","title":{"rendered":"(ES) Clarisa Navas Premio Honor\u00edfico Zinegoak 2024:\u00a0C\u00f3mo hacer cine desde lo colectivo"},"content":{"rendered":"<div class=\"wpb-content-wrapper\"><p>[vc_row][vc_column][vc_single_image image=&#8221;9600&#8243; img_size=&#8221;full&#8221; alignment=&#8221;center&#8221;][vc_column_text]<\/p>\n<h1 style=\"text-align: center;\"><strong>Clarisa Navas Premio Honor\u00edfico Zinegoak 2024:\u00a0<\/strong><strong>C\u00f3mo hacer cine desde lo colectivo<\/strong><\/h1>\n<p>El festival de cine y artes esc\u00e9nicas LGTBIQ+ de Bilbao, Zinegoak, ha dado a conocer hoy que la directora argentina Clarisa Navas recibir\u00e1 el Premio Honor\u00edfico Zinegoak 2024, patrocinado por DAMA. Navas es una directora, guionista, productora, docente y escritora argentina que desarrolla un cine con mirada de clase y g\u00e9nero, por pasi\u00f3n y convicci\u00f3n.<\/p>\n<p>Tal y como ha subrayado Alaitz Arenzana, directora de Zinegoak, el festival ha querido reconocer el trabajo de Navas, porque potencia los procesos de creaci\u00f3n colectiva como motor y palanca de transformaci\u00f3n: &#8220;Se trata de una referencia de presente y de futuro. Una manera de entender el cine y el mundo que nos ofrece la posibilidad de habitar espacios m\u00e1s vivibles, aunque sigan siendo duros y violentos, pero en los que se muestran otras maneras de ser y estar.\u00a0Desde Zinegoak queremos agradecer su trabajo art\u00edstico y reconocer su compromiso pol\u00edtico y social con nuestro m\u00e1ximo galard\u00f3n&#8221;.<\/p>\n<p>Los dos largometrajes de ficci\u00f3n de Navas, \u201cHoy partido a las 3\u201d y \u201cLas mil y una\u201d, son un canto a las mujeres, a las relaciones humanas, a la diversidad y a la lucha por desarrollar las vivencias que quedan al margen de los patrones y convenciones establecidas.<\/p>\n<p>Esta polifac\u00e9tica creadora es Licenciada en Artes Audiovisuales por la Universidad Nacional de las Artes (UNA), instructora en la Escuela Nacional de Experimentaci\u00f3n y realizaci\u00f3n cinematogr\u00e1fica ENERC, dirige la secci\u00f3n ABC BAFICI para desarrollo de proyectos y desde el a\u00f1o 2010 forma parte del colectivo Yagu\u00e1 Pir\u00fa Cine dedicado a la invenci\u00f3n de otros modos de hacer cine en el Nordeste argentino y Paraguay.<\/p>\n<p>En el a\u00f1o 2011 Navas realiza su primer largometraje documental\u00a0 \u201cRetratos de otro pa\u00eds\u201d que la lleva a conocer los lugares remotos de Argentina: comunidades ind\u00edgenas, poblaciones rurales y entornos sociales que se organizan al margen de los sistemas institucionales y que le llevan a cuestionarse su visi\u00f3n pol\u00edtica del cine y el sentido que ella quiere imprimirle.<\/p>\n<p>Esa pasi\u00f3n por las gentes, en especial las mujeres, y tambi\u00e9n por la frontera como espacio que diluye las identidades para convertirlas en aut\u00e9nticas, es la que destilan casi todos sus trabajos: El documental \u201cLos Guarangos\u201d (2012), la serie documental \u201cMujeres entre fronteras\u201d (2015), o la serie de ficci\u00f3n \u201cRio atrevido\u201d (2016).<\/p>\n<p>En 2017, presenta \u201cHoy partido a las 3\u201d obra que nace desde la premisa del documental y se transforma en una ficci\u00f3n gracias al entusiasmo colectivo de sus protagonistas, todas ellas jugadoras de f\u00fatbol del propio equipo de Navas y de otros cercanos. Con ella habla de las dificultades que tienen las mujeres que practican ese deporte, pero no solo de eso, sino tambi\u00e9n de c\u00f3mo las mujeres se relacionan entre ellas y de c\u00f3mo se organizan para superar esas dificultades, tanto en el deporte como en su vida diaria con una mirada festiva.<\/p>\n<p>En 2020, su largometraje de ficci\u00f3n\u00a0 \u201cLas mil y una\u201d es la proyecci\u00f3n inaugural de la secci\u00f3n Panorama de la Berlinale. Las mil, es el barrio en el que Clarisa Navas se cri\u00f3 en Corrientes. La directora vuelve a \u00e9l a recorrer los lugares que la construyeron emocionalmente. De nuevo su compromiso con la creaci\u00f3n se hace presente eligiendo esos lugares como base para construir historias. Esas vivencias amorosas, amistosas y familiares son las que nutren esta multipremiada pel\u00edcula.<\/p>\n<p>Clarisa Navas se ha mostrado emocionada con el reconocimiento otorgado por Zinegoak: &#8220;Estoy muy agradecida de que hayan pensado en m\u00ed. Viene siendo un tiempo tan dif\u00edcil en Argentina y de un panorama tan desolador para todo lo que hacemos, que esta invitaci\u00f3n se siente como un abrazo en un tiempo donde lo \u00fanico que recibimos en nuestro pa\u00eds son ataques&#8221;.<\/p>\n<p>&#8220;Es dif\u00edcil de explicar la sensaci\u00f3n, pero en estos meses desde que asumi\u00f3 la ultraderecha, las condiciones de vida se han desplomado para la gran mayor\u00eda, el plan de destrucci\u00f3n sistem\u00e1tica de todas las expresiones culturales, de los derechos de quienes vivimos ac\u00e1, pero tambi\u00e9n de la memoria de este pa\u00eds, es algo abrumador&#8221;.<\/p>\n<p>Clarisa Navas tambi\u00e9n explica que &#8220;la sensaci\u00f3n es de agotamiento porque todos los d\u00edas hay que librar alguna batalla. De ah\u00ed a pensar c\u00f3mo seguir haciendo cine, o cu\u00e1l es el lugar que puede tener una pel\u00edcula en este momento donde casi la mitad del pa\u00eds est\u00e1 pasando hambre, es dif\u00edcil de sostener. Aunque a esta cat\u00e1strofe social que estamos viviendo tambi\u00e9n hay que poder rodearla imaginando otra cosa. Creo que nosotrxs lxs queer tenemos un poco grabado eso a flor de piel, porque sabemos que sin la lucha y sin el deseo que este mundo sea diferente no hubiera aparecido ni siquiera el espacio para poder existir. Ahora ac\u00e1 se est\u00e1 volviendo a cerrar y eso angustia mucho, pero no vamos a dejar que suceda tan f\u00e1cil&#8221;.<\/p>\n<p>La cineasta argentina recibir\u00e1 el galard\u00f3n patrocinado por DAMA en la gala de inauguraci\u00f3n del festival, que se celebrar\u00e1 el pr\u00f3ximo 24 de junio, lunes, en el Teatro Arriaga. La v\u00edspera, 23 de junio a las 18:30 en Bilborock, se celebrar\u00e1 un encuentro con la periodista feminista Irantzu Varela, y se proyectar\u00e1n tres obras de Navas, dos cortometrajes y un largometraje: &#8220;Enviado para falsear&#8221;, &#8220;No es un juego&#8221; y &#8220;Hoy partido a las 3&#8221;. Adem\u00e1s, el 25 de junio en BilbaoArte a las 18:30 se podr\u00e1 disfrutar de &#8220;Las mil y una&#8221;.<\/p>\n<p>&nbsp;<\/p>\n<p>Zinegoak presentar\u00e1 su programaci\u00f3n completa el pr\u00f3ximo 11 de junio.<\/p>\n<p><span style=\"font-weight: 400;\"><br \/>\n<\/span><span style=\"font-weight: 400;\">Zinegoakek ekainaren 11n aurkeztuko du bere programazio osoa.<\/span>[\/vc_column_text][\/vc_column][\/vc_row]<\/p>\n<\/div>","protected":false},"excerpt":{"rendered":"<p>[vc_row][vc_column][vc_single_image image=&#8221;9600&#8243; img_size=&#8221;full&#8221; alignment=&#8221;center&#8221;][vc_column_text] Clarisa Navas Premio Honor\u00edfico Zinegoak 2024:\u00a0C\u00f3mo hacer cine desde lo colectivo El festival de cine y artes esc\u00e9nicas LGTBIQ+ de Bilbao, Zinegoak, ha dado a conocer hoy que la directora argentina Clarisa Navas recibir\u00e1 el Premio Honor\u00edfico Zinegoak 2024, patrocinado por DAMA. Navas es una directora, guionista, productora, docente y escritora [&hellip;]<\/p>\n","protected":false},"author":1,"featured_media":9604,"comment_status":"closed","ping_status":"closed","sticky":false,"template":"","format":"standard","meta":{"footnotes":""},"categories":[3],"tags":[],"class_list":["post-9599","post","type-post","status-publish","format-standard","has-post-thumbnail","hentry","category-albisteak"],"_links":{"self":[{"href":"https:\/\/zinegoak.com\/en\/wp-json\/wp\/v2\/posts\/9599","targetHints":{"allow":["GET"]}}],"collection":[{"href":"https:\/\/zinegoak.com\/en\/wp-json\/wp\/v2\/posts"}],"about":[{"href":"https:\/\/zinegoak.com\/en\/wp-json\/wp\/v2\/types\/post"}],"author":[{"embeddable":true,"href":"https:\/\/zinegoak.com\/en\/wp-json\/wp\/v2\/users\/1"}],"replies":[{"embeddable":true,"href":"https:\/\/zinegoak.com\/en\/wp-json\/wp\/v2\/comments?post=9599"}],"version-history":[{"count":4,"href":"https:\/\/zinegoak.com\/en\/wp-json\/wp\/v2\/posts\/9599\/revisions"}],"predecessor-version":[{"id":9606,"href":"https:\/\/zinegoak.com\/en\/wp-json\/wp\/v2\/posts\/9599\/revisions\/9606"}],"wp:featuredmedia":[{"embeddable":true,"href":"https:\/\/zinegoak.com\/en\/wp-json\/wp\/v2\/media\/9604"}],"wp:attachment":[{"href":"https:\/\/zinegoak.com\/en\/wp-json\/wp\/v2\/media?parent=9599"}],"wp:term":[{"taxonomy":"category","embeddable":true,"href":"https:\/\/zinegoak.com\/en\/wp-json\/wp\/v2\/categories?post=9599"},{"taxonomy":"post_tag","embeddable":true,"href":"https:\/\/zinegoak.com\/en\/wp-json\/wp\/v2\/tags?post=9599"}],"curies":[{"name":"wp","href":"https:\/\/api.w.org\/{rel}","templated":true}]}}