{"id":9663,"date":"2024-06-05T16:11:54","date_gmt":"2024-06-05T14:11:54","guid":{"rendered":"https:\/\/zinegoak.com\/?p=9663"},"modified":"2024-06-21T11:30:39","modified_gmt":"2024-06-21T09:30:39","slug":"all-the-beauty-and-the-bloodshed","status":"publish","type":"post","link":"https:\/\/zinegoak.com\/en\/all-the-beauty-and-the-bloodshed\/","title":{"rendered":"All the Beauty and the Bloodshed"},"content":{"rendered":"<div class=\"wpb-content-wrapper\"><p>[vc_row][vc_column][vc_column_text]<\/p>\n<h1 class=\"p1\" style=\"text-align: center;\"><b>All the Beauty and the Bloodshed<\/b><\/h1>\n<h2 class=\"p2\" style=\"text-align: center;\">La belleza y el dolor<\/h2>\n<p>[\/vc_column_text][\/vc_column][\/vc_row][vc_row][vc_column width=&#8221;2\/3&#8243;][vc_column_text]<\/p>\n<p class=\"p1\"><span class=\"s1\">An epic, emotional and interconnected story about internationally renowned artist and activist Nan Goldin. Told through her slideshows, intimate interviews, ground-breaking photography, and rare footage, we see her personal fight to hold the Sackler family accountable for the opioid crisis.<\/span><\/p>\n<p>[\/vc_column_text][vc_column_text]<\/p>\n<p class=\"p1\"><span class=\"s1\"><span class=\"Apple-converted-space\"><i class=\"fa fa-pagelines \" ><\/i> <\/span><b>2023<\/b> VIFF. Festival Internacional de Cine de Vilna Kino Pavasaris; Visions du r\u00e9el. Festival Internacional de Cine de Nyon; Festival Internacional de Cine de Jeonju; Festival Internacional de Cine de Transilvania; Festival Internacional de Cine Independiente de Estambul <b>2022<\/b> Festival de Venecia, Le\u00f3n de Oro mejor Pel\u00edcula; La Biennale. Festival Internacional de Cine de Venecia, Premio Fundaci\u00f3n Smithers; Festival Internacional de Cine de Estocolmo, Mejor Documental; AIFF. Festival Internacional de Cine de Atenas, Premio Golden Athena; Festival Internacional de Documentales de Montreal, Mejor Documental; IDFA. Festival Internacional de Documentales de \u00c1msterdam; Viennale. Festival Internacional de Cine de Viena.<\/span><\/p>\n<p>[\/vc_column_text][vc_single_image image=&#8221;9665&#8243; img_size=&#8221;full&#8221;][\/vc_column][vc_column width=&#8221;1\/3&#8243; css=&#8221;.vc_custom_1715869556797{border-left-width: 1px !important;border-left-color: #000000 !important;border-left-style: solid !important;}&#8221;][vc_column_text]<\/p>\n<p class=\"p1\">USA<\/p>\n<p class=\"p1\">Doc \/ 2023 \/ 113 min<\/p>\n<p class=\"p3\"><b>&#8211;<\/b><\/p>\n<p class=\"p4\"><strong>Dir<\/strong><strong>:\u00a0<\/strong>Laura Poitras<\/p>\n<p><strong>Cast:<\/strong> Nan Goldin, David Wojnarowicz, John Waters<\/p>\n<p class=\"p4\"><strong>Prod:\u00a0<\/strong>Participant Film, Praxis Films<\/p>\n<p class=\"p3\"><b>&#8211;<\/b><\/p>\n<p class=\"p4\"><strong>V.O.<\/strong><b>\u00a0\u00a0<\/b>eng<\/p>\n<p class=\"p6\"><strong>Subt <\/strong><span class=\"s3\">cast<\/span><\/p>\n<p>[\/vc_column_text][vc_separator][vc_column_text]<\/p>\n<p class=\"p1\"><strong>21 june<\/strong><\/p>\n<p class=\"p2\"><span class=\"s3\">Guggenheim Bilbao Museoa\u00a0<\/span><\/p>\n<p class=\"p2\"><span class=\"s3\">18:30<\/span><\/p>\n<p>[\/vc_column_text][vc_separator][vc_btn title=&#8221;entradas&#8221; style=&#8221;gradient&#8221; gradient_color_1=&#8221;purple&#8221; gradient_color_2=&#8221;green&#8221; link=&#8221;url:https%3A%2F%2Ftickets.guggenheim-bilbao.eus%2Fes%2F396-actividades%2F2731-proyeccion-festival-zinegoak-2024-toparte%2F9810356-proyeccion-la-belleza-y-el-dolor|||&#8221;][vc_single_image image=&#8221;7344&#8243; img_size=&#8221;full&#8221; alignment=&#8221;center&#8221;][\/vc_column][\/vc_row]<\/p>\n<\/div>","protected":false},"excerpt":{"rendered":"<p>[vc_row][vc_column][vc_column_text] All the Beauty and the Bloodshed La belleza y el dolor [\/vc_column_text][\/vc_column][\/vc_row][vc_row][vc_column width=&#8221;2\/3&#8243;][vc_column_text] An epic, emotional and interconnected story about internationally renowned artist and activist Nan Goldin. Told through her slideshows, intimate interviews, ground-breaking photography, and rare footage, we see her personal fight to hold the Sackler family accountable for the opioid crisis. [\/vc_column_text][vc_column_text] [&hellip;]<\/p>\n","protected":false},"author":1,"featured_media":9665,"comment_status":"closed","ping_status":"closed","sticky":false,"template":"","format":"standard","meta":{"footnotes":""},"categories":[268,269],"tags":[],"class_list":["post-9663","post","type-post","status-publish","format-standard","has-post-thumbnail","hentry","category-321toparte","category-proyecciones-especiales"],"_links":{"self":[{"href":"https:\/\/zinegoak.com\/en\/wp-json\/wp\/v2\/posts\/9663","targetHints":{"allow":["GET"]}}],"collection":[{"href":"https:\/\/zinegoak.com\/en\/wp-json\/wp\/v2\/posts"}],"about":[{"href":"https:\/\/zinegoak.com\/en\/wp-json\/wp\/v2\/types\/post"}],"author":[{"embeddable":true,"href":"https:\/\/zinegoak.com\/en\/wp-json\/wp\/v2\/users\/1"}],"replies":[{"embeddable":true,"href":"https:\/\/zinegoak.com\/en\/wp-json\/wp\/v2\/comments?post=9663"}],"version-history":[{"count":5,"href":"https:\/\/zinegoak.com\/en\/wp-json\/wp\/v2\/posts\/9663\/revisions"}],"predecessor-version":[{"id":10065,"href":"https:\/\/zinegoak.com\/en\/wp-json\/wp\/v2\/posts\/9663\/revisions\/10065"}],"wp:featuredmedia":[{"embeddable":true,"href":"https:\/\/zinegoak.com\/en\/wp-json\/wp\/v2\/media\/9665"}],"wp:attachment":[{"href":"https:\/\/zinegoak.com\/en\/wp-json\/wp\/v2\/media?parent=9663"}],"wp:term":[{"taxonomy":"category","embeddable":true,"href":"https:\/\/zinegoak.com\/en\/wp-json\/wp\/v2\/categories?post=9663"},{"taxonomy":"post_tag","embeddable":true,"href":"https:\/\/zinegoak.com\/en\/wp-json\/wp\/v2\/tags?post=9663"}],"curies":[{"name":"wp","href":"https:\/\/api.w.org\/{rel}","templated":true}]}}