{"id":9889,"date":"2024-06-11T14:14:44","date_gmt":"2024-06-11T12:14:44","guid":{"rendered":"https:\/\/zinegoak.com\/?p=9889"},"modified":"2024-06-11T14:15:46","modified_gmt":"2024-06-11T12:15:46","slug":"zinegoak-reivindicara-las-queertopias-con-mas-de-50-proyecciones-y-actividades-en-bilbao","status":"publish","type":"post","link":"https:\/\/zinegoak.com\/en\/zinegoak-reivindicara-las-queertopias-con-mas-de-50-proyecciones-y-actividades-en-bilbao\/","title":{"rendered":"Zinegoak reivindicar\u00e1 las &#8220;queertop\u00edas&#8221; con m\u00e1s de 50 proyecciones y actividades en Bilbao"},"content":{"rendered":"<div class=\"wpb-content-wrapper\"><p>[vc_row][vc_column][vc_column_text]<\/p>\n<h1><strong>Zinegoak reivindicar\u00e1 las &#8220;queertop\u00edas&#8221; con m\u00e1s de 50 proyecciones y actividades en Bilbao<\/strong><\/h1>\n<p>Zinegoak ha presentado hoy la programaci\u00f3n oficial y las principales novedades de la presente edici\u00f3n. El festival de cine y artes esc\u00e9nicas LGTBIQ+ de Bilbao se celebrar\u00e1 del 24 de junio al 1 de julio y un a\u00f1o m\u00e1s, inundar\u00e1 Bilbao con m\u00e1s de 50 actividades relacionadas con la cultura y la diversidad sexual. El programa incluye proyecciones, artes esc\u00e9nicas, encuentros, jornadas profesionales, fiestas&#8230; en las habituales sedes del festival, como son Bilborock, Golem Alhondiga, BilbaoArte, Bira, Sarean, el Teatro Arriaga o el Museo Guggenheim. Por lo tanto, Bilbao vivir\u00e1 diez d\u00edas repletos de reivindicaci\u00f3n y cine.<\/p>\n<p>En la rueda de prensa de presentaci\u00f3n celebrada hoy en Azkuna Zentroa, la directora de Zinegoak Alaitz Arenzana ha explicado <strong>las principales novedades<\/strong> de la 21 edici\u00f3n: &#8220;Este a\u00f1o queremos hacer hincapi\u00e9 en el poder de imaginar y construir nuestros presentes y nuestros futuros, y en la necesidad de hacerlo no solo de manera individual, sino colectiva. Esos son los espacios que queremos difundir, construir y habitar, y a los que hemos decidido llamar <em>Utop\u00edas queer <\/em>o<em> Queertop\u00edas<\/em>&#8220;. El cartel de este a\u00f1o, realizado por la ilustradora y artista Dom Campistron es fiel reflejo de ello.<\/p>\n<p>En la secci\u00f3n oficial de largometrajes competir\u00e1n 15 pel\u00edculas en las tres secciones habituales del festival: <strong>FIK, DOK y KRAK<\/strong> (nuevas narrativas), provenientes de pa\u00edses como Nigeria, M\u00e9xico, China, Estados Unidos, Grecia o Alemania. Arenzana destaca algunas de ellas: &#8220;Las vivencias de un equipo de baloncesto queer en una de las zonas m\u00e1s deprimidas de Brasil <em>(Levante),<\/em> la historia de la comunidad l\u00e9sbica que se forj\u00f3 en la isla de Lesbos en los a\u00f1os 80 y que a\u00fan contin\u00faa (<em>Lesvia<\/em>), los interrogatorios que tienen lugar en los procesos de asilo pol\u00edtico en Suiza (<em>The Hearing),<\/em> el despertar sexual y el poliamor (<em>Vera y el placer de los otros<\/em>), o la denuncia de la LGTBIfobia y el empoderamiento para luchar contra ella (<em>Mavi Kimlik<\/em>)&#8221;.<\/p>\n<p>Adem\u00e1s, el p\u00fablico podr\u00e1 disfrutar de forma presencial de varios coloquios con <strong>cineastas y protagonistas<\/strong> de estas pel\u00edculas. Contaremos con la visita, entre otras, de Vuslat Karan, una de las directoras de <em>Mavi Kimlik; <\/em>o de Adri\u00e1n Silvestre, director del documental <em>H\u00e1gase tu voluntad<\/em>. Adem\u00e1s, tambi\u00e9n nos visitar\u00e1n las personas que participar\u00e1n en los jurados internacionales de secci\u00f3n oficial.<\/p>\n<p>Respecto a los <strong>30 cortometrajes<\/strong> que competir\u00e1n en secci\u00f3n oficial, adem\u00e1s de los ciclos habituales de &#8220;Infancia y Adolescencia&#8221;, &#8220;Mujeres Directoras&#8221; y el ciclo &#8220;TBIQ+&#8221; que se celebrar\u00e1 por segundo a\u00f1o, esta edici\u00f3n Zinegoak contar\u00e1 con dos nuevos ciclos. Por un lado, &#8220;Queertopiak&#8221;, en el que podremos encontrar historias sobre espacios donde conviven realidades diversas que luchan por escapar de la heteronormatividad, del patriarcado, del colonialismo, del capacitismo y de los m\u00faltiples sistemas de opresi\u00f3n que operan a lo largo del planeta. Por otro, &#8220;Sexilios&#8221;, una muestra de historias de personas que han tenido que abandonar su lugar de origen, entornos familiares o v\u00ednculos afectivos debido a la discriminaci\u00f3n por su orientaci\u00f3n, g\u00e9nero o identidad. Adem\u00e1s, fuera de competici\u00f3n oficial, contaremos con el ya cl\u00e1sico ciclo &#8220;Erroak&#8221;, en el que participar\u00e1n varios cortometrajes producidos en Euskal Herria. Varios equipos de direcci\u00f3n de los cortometrajes tambi\u00e9n estar\u00e1n presentes en las presentaciones y coloquios de Zinegoak.<\/p>\n<p>El festival comenzar\u00e1 de forma oficial el 24 junio, con la <strong>gala de inauguraci\u00f3n<\/strong> que se celebrar\u00e1 en el Teatro Arriaga (las invitaciones se pueden obtener en la web del teatro). El evento estar\u00e1 presentado por Nerea Arriola y Divina Comedia, contar\u00e1 con la actuaci\u00f3n de la cantautora Eddi Circa y la directora argentina Clarisa Navas recibir\u00e1 el Premio Honor\u00edfico Zinegoak 2024, patrocinado por DAMA.<\/p>\n<p>Previamente, durante el fin de semana del 21 al 23 de junio, el festival celebrar\u00e1 las actividades del <strong>&#8220;3, 2, 1&#8230; Zinegoak!&#8221;.<\/strong> El viernes el Museo Guggenheim acoger\u00e1 la proyecci\u00f3n del documental <em>All the Beauty and the Bloodshed <\/em>dirigido por Laura Poitras, sobre la artista y activista Nan Goldin. El s\u00e1bado 22 Zinegoak ha organizado una programaci\u00f3n de todo el d\u00eda: por la ma\u00f1ana el espect\u00e1culo <em>Popperra, Afterra, Utopia<\/em> de Danele Sarriugarte y Miren Narbaiza en Sarean; y por la tarde la obra de teatro &#8220;Lopek zioenez: Sin m\u00ed, sin vos y sin Dios&#8221; de Dantzerti, Escuela Superior de Arte Dram\u00e1tico y Danza de Euskadi, dirigida por Matxalen de Pedro. El d\u00eda terminar\u00e1 en Bira Kulturgunea, con la presentaci\u00f3n de &#8220;Bizi. Bisexualitatea eta euskal komunitatea&#8221;, que incluir\u00e1 un bertso-saio con Maddi Ane Txoperena y Janire Arrizabalaga; el show de Albina Stardust y fin de fiesta con DJ Eromena. Por \u00faltimo, el domingo se celebrar\u00e1 un coloquio entre la premio honor\u00edfico Clarisa Navas y la periodista Irantzu Varela en Bilborock, y se proyectar\u00e1n varias obras de la cineasta argentina.<\/p>\n<p>Adem\u00e1s de proyecciones, Zinegoak tambi\u00e9n acoger\u00e1 varias actividades complementarias durante la \u00faltima semana de junio, como son las <strong>artes esc\u00e9nicas. <\/strong>Bajo la organizaci\u00f3n de Getxo Kultura, el 27 de junio el centro cultural Muxikebarri de Getxo acoger\u00e1 la obra de teatro &#8220;Erreka Mari&#8221;, dirigida por Javier Lara y protagonizada por Egoitz S\u00e1nchez,\u00a0 se trata de una revisi\u00f3n libre de <em>La Sirenita<\/em> de Hans Christian Andersen.<\/p>\n<p>Por su parte, el \u00faltimo s\u00e1bado del festival, el 29 de junio, Bira acoger\u00e1 la presentaci\u00f3n y fiesta con el colectivo <strong>Plazeratu.klub,<\/strong> que plantea la fiesta como un espacio cr\u00edtico donde reivindicar y visibilizar el placer del colectivo LGTBIQA+. Plazeratu reivindica de forma pr\u00e1ctica otras formas de habitar la fiesta como un espacio m\u00e1s seguro donde hacer florecer luchas colectivas y celebrarse.<\/p>\n<p>Precisamente &#8220;la fiesta queer como espacio pol\u00edtico y su representaci\u00f3n en la imagen&#8221; ser\u00e1 uno de los temas que se tratar\u00e1n en las jornadas profesionales ZG PRO, relacionadas con la industria del cine y la diversidad. Durante el 27 y 28 de junio se celebrar\u00e1n varias masterclasses, presentaci\u00f3n de proyectos en desarrollo, etc. El 28 de junio por la tarde, Zinegoak no ha programado ninguna actividad, con el objetivo de acudir a la manifestaci\u00f3n organizada por la Coordinadora del 28J.<\/p>\n<p>La <strong>gala de clausura<\/strong> del festival se celebrar\u00e1 el lunes 1 de julio en Bilborock, y en la misma se dar\u00e1 a conocer el palmar\u00e9s de la 21 edici\u00f3n, incluyendo el Gran Premio Zinegoak patrocinado por EITB. Una vez finalizado Zinegoak de forma presencial, el festival continuar\u00e1 en su <strong>ventana digital<\/strong> de la plataforma Filmin, donde estar\u00e1n disponibles varias pel\u00edculas de la secci\u00f3n oficial. Y por primera vez, Zinegoak y la plataforma <strong>Primeran <\/strong>de EITB tambi\u00e9n ofrecer\u00e1n un canal con algunas de las pel\u00edculas de producci\u00f3n vasca que han participado en el festival, as\u00ed como otros contenidos audiovisuales relacionados con la diversidad sexual.<\/p>\n<p>Adem\u00e1s de en Bilbao, un a\u00f1o m\u00e1s Zinegoak se est\u00e1 celebrando en varias localidades de Araba, Bizkaia, Gipuzkoa y Nafarroa. Concretamente, han sido m\u00e1s de 54 los municipios que forman este a\u00f1o parte del programa <strong>ZG Hedapena,<\/strong> con nuevas incorporaciones como Plentzia, Bermeo, Markina-Xemein, Zalla, Usurbil, Urretxu, Aramaio, Berantevilla, Zigoitia, Oltza Zendea o Bidaurreta.<\/p>\n<p>La programaci\u00f3n completa de Zinegoak se puede consultar en www.zinegoak.com.<\/p>\n<p>Programazio osoa www.zinegoak.com webgunean kontsulta daiteke.<\/p>\n<p>[\/vc_column_text][vc_single_image image=&#8221;9892&#8243; img_size=&#8221;full&#8221; alignment=&#8221;center&#8221;][\/vc_column][\/vc_row]<\/p>\n<\/div>","protected":false},"excerpt":{"rendered":"<p>[vc_row][vc_column][vc_column_text] Zinegoak reivindicar\u00e1 las &#8220;queertop\u00edas&#8221; con m\u00e1s de 50 proyecciones y actividades en Bilbao Zinegoak ha presentado hoy la programaci\u00f3n oficial y las principales novedades de la presente edici\u00f3n. El festival de cine y artes esc\u00e9nicas LGTBIQ+ de Bilbao se celebrar\u00e1 del 24 de junio al 1 de julio y un a\u00f1o m\u00e1s, inundar\u00e1 Bilbao [&hellip;]<\/p>\n","protected":false},"author":1,"featured_media":9895,"comment_status":"closed","ping_status":"closed","sticky":false,"template":"","format":"standard","meta":{"footnotes":""},"categories":[3],"tags":[],"class_list":["post-9889","post","type-post","status-publish","format-standard","has-post-thumbnail","hentry","category-albisteak"],"_links":{"self":[{"href":"https:\/\/zinegoak.com\/en\/wp-json\/wp\/v2\/posts\/9889","targetHints":{"allow":["GET"]}}],"collection":[{"href":"https:\/\/zinegoak.com\/en\/wp-json\/wp\/v2\/posts"}],"about":[{"href":"https:\/\/zinegoak.com\/en\/wp-json\/wp\/v2\/types\/post"}],"author":[{"embeddable":true,"href":"https:\/\/zinegoak.com\/en\/wp-json\/wp\/v2\/users\/1"}],"replies":[{"embeddable":true,"href":"https:\/\/zinegoak.com\/en\/wp-json\/wp\/v2\/comments?post=9889"}],"version-history":[{"count":2,"href":"https:\/\/zinegoak.com\/en\/wp-json\/wp\/v2\/posts\/9889\/revisions"}],"predecessor-version":[{"id":9894,"href":"https:\/\/zinegoak.com\/en\/wp-json\/wp\/v2\/posts\/9889\/revisions\/9894"}],"wp:featuredmedia":[{"embeddable":true,"href":"https:\/\/zinegoak.com\/en\/wp-json\/wp\/v2\/media\/9895"}],"wp:attachment":[{"href":"https:\/\/zinegoak.com\/en\/wp-json\/wp\/v2\/media?parent=9889"}],"wp:term":[{"taxonomy":"category","embeddable":true,"href":"https:\/\/zinegoak.com\/en\/wp-json\/wp\/v2\/categories?post=9889"},{"taxonomy":"post_tag","embeddable":true,"href":"https:\/\/zinegoak.com\/en\/wp-json\/wp\/v2\/tags?post=9889"}],"curies":[{"name":"wp","href":"https:\/\/api.w.org\/{rel}","templated":true}]}}